{"id":964256,"date":"2026-04-30T11:00:13","date_gmt":"2026-04-30T09:00:13","guid":{"rendered":"https:\/\/gradski.me\/?p=964256"},"modified":"2026-04-30T11:23:27","modified_gmt":"2026-04-30T09:23:27","slug":"mugosa-iniciracemo-imenovanje-potpredsjednika-skupstine-glavnog-grada-dobili-smo-pozitivan-signal-od-dnp","status":"publish","type":"post","link":"https:\/\/gradski.me\/en\/podgorica\/mugosa-iniciracemo-imenovanje-potpredsjednika-skupstine-glavnog-grada-dobili-smo-pozitivan-signal-od-dnp\/","title":{"rendered":"Mugo\u0161a: Inicira\u0107emo imenovanje potpredsjednika Skup\u0161tine Glavnog grada, dobili smo pozitivan signal  od DNP"},"content":{"rendered":"<p><\/p>\n\n\n\n<p>&#8222;Nakon konsultacija sa opozicijom i dijelom ve\u0107ine &#8211; inicijativa imamo dovoljan broj odbornika za smjenu predsjednice. O\u010dekujemo opstrukcije u samom procesu. Inicira\u0107emo imenovanje potpredsjednika Skup\u0161tine. \u0160to \u0107e predlo\u017eiti na prvoj narednoj sjednici. Trenutno \u017eivimo u blokadi i kao ljudi koji ozbiljno shvataju politiku to ne\u0107emo dozvoliti. \u017delimo da \u010dujemo izja\u0161njenje odbornika ve\u0107ine. Za pet mjeseci su odr\u017eane dvije sjednice Skup\u0161tine Glavnog grada. Ove dvije inicijative imaju cilj da se iza\u0111e iz institucionalne blokade&#8220;, kazao je Mugo\u0161a<\/p>\n\n\n\n<p>Njegov partijski kolega Milo\u0161evi\u0107 poru\u010dio je da SEP ne\u0107e biti opozicija svom gradu. <\/p>\n\n\n\n<p>&#8222;Ali \u0107emo biti kriti\u010dki nastrojeni ka uni\u0161tavanju \u017eivota gra\u0111ana Podgorice. Smatram da na\u0161i odbornici daju nesebi\u010dan i korektan doprinos. Neprijatno smo iznena\u0111eni izjavom Borovini\u0107 Bojovi\u0107 da se SEP probudio iz zimskog sna. Glavni grad grca u problemima. Zelenilo ne radi svoj posao. O FK Budu\u0107nost ne\u0107emo da tro\u0161imo rije\u010di. Inicijativa za skra\u0107enje mandata Skup\u0161tini je pokazala da nema ve\u0107ine&#8220;, kazao je on.<\/p>\n\n\n\n<p>Ponovio je da se priprema opstrukcija.<\/p>\n\n\n\n<p>&#8222;U slu\u010daju smjene Borovini\u0107 Bojovi\u0107 parlament ostaje obezglavljen. Dolazi se u situaciju da je nemogu\u0107e zakazati sjednicu i dolazi se do prinudne uprave. Trudi\u0107emo se da ne do\u0111e do blokade grada i zbog toga \u0107emo predlo\u017eiti imenovanje potpredsjednika. Pozva\u0107emo kolege iz opozicije da idu\u0107e nedjelje sjednemo i da vidimo ko bi mogao da bude ta li\u010dnost&#8220;, kazao je on.<\/p>\n\n\n\n<p><\/p>","protected":false},"excerpt":{"rendered":"<p>Odbornik Stranke evropskog progresa Ilija Mugo\u0161a kazao je na pres konferenciji povodom inicijative za smjenu predsjednice Skup\u0161tine Glavnog grada Jelene Borovini\u0107 Bojovi\u0107 da danas ili u ponedjeljak o\u010dekuju da bude kompletiran dovoljan broj broj potpisa da se raspravlja o tom predlogu. Saop\u0161tio je da su razgovarali sa predstavnicima Demokratske narodne partije i da su dobili pozitivan signal za inicijativu.<\/p>","protected":false},"author":7,"featured_media":964257,"comment_status":"open","ping_status":"open","sticky":false,"template":"","format":"standard","meta":{"_acf_changed":false,"footnotes":"","jetpack_publicize_message":"","jetpack_publicize_feature_enabled":true,"jetpack_social_post_already_shared":true,"jetpack_social_options":{"image_generator_settings":{"template":"highway","default_image_id":0,"font":"","enabled":false},"version":2}},"categories":[6],"tags":[116,4544,140,7090],"naslovna":[908],"class_list":["post-964256","post","type-post","status-publish","format-standard","has-post-thumbnail","hentry","category-podgorica","tag-glavni-grad","tag-inicijativa","tag-sep","tag-smjena","naslovna-izdvajamo"],"acf":[],"jetpack_publicize_connections":[],"_links":{"self":[{"href":"https:\/\/gradski.me\/en\/wp-json\/wp\/v2\/posts\/964256","targetHints":{"allow":["GET"]}}],"collection":[{"href":"https:\/\/gradski.me\/en\/wp-json\/wp\/v2\/posts"}],"about":[{"href":"https:\/\/gradski.me\/en\/wp-json\/wp\/v2\/types\/post"}],"author":[{"embeddable":true,"href":"https:\/\/gradski.me\/en\/wp-json\/wp\/v2\/users\/7"}],"replies":[{"embeddable":true,"href":"https:\/\/gradski.me\/en\/wp-json\/wp\/v2\/comments?post=964256"}],"version-history":[{"count":5,"href":"https:\/\/gradski.me\/en\/wp-json\/wp\/v2\/posts\/964256\/revisions"}],"predecessor-version":[{"id":964288,"href":"https:\/\/gradski.me\/en\/wp-json\/wp\/v2\/posts\/964256\/revisions\/964288"}],"wp:featuredmedia":[{"embeddable":true,"href":"https:\/\/gradski.me\/en\/wp-json\/wp\/v2\/media\/964257"}],"wp:attachment":[{"href":"https:\/\/gradski.me\/en\/wp-json\/wp\/v2\/media?parent=964256"}],"wp:term":[{"taxonomy":"category","embeddable":true,"href":"https:\/\/gradski.me\/en\/wp-json\/wp\/v2\/categories?post=964256"},{"taxonomy":"post_tag","embeddable":true,"href":"https:\/\/gradski.me\/en\/wp-json\/wp\/v2\/tags?post=964256"},{"taxonomy":"naslovna","embeddable":true,"href":"https:\/\/gradski.me\/en\/wp-json\/wp\/v2\/naslovna?post=964256"}],"curies":[{"name":"wp","href":"https:\/\/api.w.org\/{rel}","templated":true}]}}