{"id":964234,"date":"2026-04-30T11:11:00","date_gmt":"2026-04-30T09:11:00","guid":{"rendered":"https:\/\/gradski.me\/?p=964234"},"modified":"2026-04-30T10:06:33","modified_gmt":"2026-04-30T08:06:33","slug":"nenezic-koji-clan-44-vlade-radi-za-interese-luke-drac","status":"publish","type":"post","link":"https:\/\/gradski.me\/en\/ekonomija\/nenezic-koji-clan-44-vlade-radi-za-interese-luke-drac\/","title":{"rendered":"Nenezi\u0107: Koji \u010dlan 44. Vlade radi za interese luke Dra\u010d?"},"content":{"rendered":"<p><\/p>\n\n\n\n<p>Nenezi\u0107 tvrdi da je to zakonsko rje\u0161enje koje dovodi u pitanje samu svrhu postojanja slobodne zone i koje \u0107e dovesti do ga\u0161enja lu\u010dke djelatnosti.<\/p>\n\n\n\n<p>&#8222;Ovakvim rje\u0161enjem jasno je da Vladu ne interesuje \u0161to \u0107e u Baru ostati bez posla 1000 ljudi koji \u017eive od plate zara\u0111ene na poslovima koji su povezani sa djelatno\u0161\u0107u Luke Bar i PoA, a istim rje\u0161enjem \u0107e se u taj polo\u017eaj dovesti i zapo\u0161ljeni u ova dva privredna subjekta&#8220;, kazao je Nenezi\u0107.<\/p>\n\n\n\n<figure class=\"wp-block-embed is-type-rich is-provider-twitter wp-block-embed-twitter\"><div class=\"wp-block-embed__wrapper\">\n<blockquote class=\"twitter-tweet\" data-width=\"550\" data-dnt=\"true\"><p lang=\"und\" dir=\"ltr\">Zakonsko rje\u0161enje koje dovodi u pitanje samu svrhu postojanja slobodne zone i koje \u0107e dovesti do ga\u0161enja lu\u010dke djelatnosti.<br>Ovakvim rje\u0161enjem jasno je da Vladu ne interesuje \u0161to \u0107e u Baru ostati bez posla 1000 ljudi koji \u017eive od plate zara\u0111ene na poslovima koji su povezani sa\u2026 <a href=\"https:\/\/t.co\/GKECKEmWDn\">pic.twitter.com\/GKECKEmWDn<\/a><\/p>&mdash; Bane Nenezic (@BaneNenezic) <a href=\"https:\/\/twitter.com\/BaneNenezic\/status\/2049755319450886360?ref_src=twsrc%5Etfw\" target=\"_blank\" rel=\"noopener\">April 30, 2026<\/a><\/blockquote><script async src=\"https:\/\/platform.twitter.com\/widgets.js\" charset=\"utf-8\"><\/script>\n<\/div><\/figure>","protected":false},"excerpt":{"rendered":"<p>Poslanik Evropskog saveza, Branislav Nenezi\u0107 upozorio je Vladu da \u0107e u Baru, kako ka\u017ee, bez posla ostati 1.000 ljudi zbog novog zakonskog rje\u0161enja. On pita koji \u010dlan 44. Vlade radi za interese luke Dra\u010d?<\/p>","protected":false},"author":8,"featured_media":631501,"comment_status":"open","ping_status":"open","sticky":false,"template":"","format":"standard","meta":{"_acf_changed":false,"footnotes":"","jetpack_publicize_message":"","jetpack_publicize_feature_enabled":true,"jetpack_social_post_already_shared":true,"jetpack_social_options":{"image_generator_settings":{"template":"highway","default_image_id":0,"font":"","enabled":false},"version":2}},"categories":[8],"tags":[125,586],"naslovna":[],"class_list":["post-964234","post","type-post","status-publish","format-standard","has-post-thumbnail","hentry","category-ekonomija","tag-branislav-nenezic","tag-evropski-savez"],"acf":[],"jetpack_publicize_connections":[],"_links":{"self":[{"href":"https:\/\/gradski.me\/en\/wp-json\/wp\/v2\/posts\/964234","targetHints":{"allow":["GET"]}}],"collection":[{"href":"https:\/\/gradski.me\/en\/wp-json\/wp\/v2\/posts"}],"about":[{"href":"https:\/\/gradski.me\/en\/wp-json\/wp\/v2\/types\/post"}],"author":[{"embeddable":true,"href":"https:\/\/gradski.me\/en\/wp-json\/wp\/v2\/users\/8"}],"replies":[{"embeddable":true,"href":"https:\/\/gradski.me\/en\/wp-json\/wp\/v2\/comments?post=964234"}],"version-history":[{"count":1,"href":"https:\/\/gradski.me\/en\/wp-json\/wp\/v2\/posts\/964234\/revisions"}],"predecessor-version":[{"id":964237,"href":"https:\/\/gradski.me\/en\/wp-json\/wp\/v2\/posts\/964234\/revisions\/964237"}],"wp:featuredmedia":[{"embeddable":true,"href":"https:\/\/gradski.me\/en\/wp-json\/wp\/v2\/media\/631501"}],"wp:attachment":[{"href":"https:\/\/gradski.me\/en\/wp-json\/wp\/v2\/media?parent=964234"}],"wp:term":[{"taxonomy":"category","embeddable":true,"href":"https:\/\/gradski.me\/en\/wp-json\/wp\/v2\/categories?post=964234"},{"taxonomy":"post_tag","embeddable":true,"href":"https:\/\/gradski.me\/en\/wp-json\/wp\/v2\/tags?post=964234"},{"taxonomy":"naslovna","embeddable":true,"href":"https:\/\/gradski.me\/en\/wp-json\/wp\/v2\/naslovna?post=964234"}],"curies":[{"name":"wp","href":"https:\/\/api.w.org\/{rel}","templated":true}]}}