{"id":964192,"date":"2026-04-30T08:48:00","date_gmt":"2026-04-30T06:48:00","guid":{"rendered":"https:\/\/gradski.me\/?p=964192"},"modified":"2026-04-30T16:06:09","modified_gmt":"2026-04-30T14:06:09","slug":"medenica-prespavao-kod-lakovica-mucalica-ga-vozio-do-radovca","status":"publish","type":"post","link":"https:\/\/gradski.me\/en\/hronika\/medenica-prespavao-kod-lakovica-mucalica-ga-vozio-do-radovca\/","title":{"rendered":"Medenica prespavao kod Lakovi\u0107a, Mu\u010dalica ga vozio do Radov\u010da?"},"content":{"rendered":"<p>Na teret im se stavlja da su Medenici pomagali da pobjegne kada je prekr\u0161io mjeru zabrane napu\u0161tanja stana i nakon \u0161to mu je sudija Vi\u0161eg suda u Podgorici odredila pritvor, izri\u010du\u0107i mu prethodno presudu kojom ga je osudila na 10 godina i dva mjeseca zatvora. Lakovi\u0107 i Mu\u010dalica ju\u010de su saslu\u0161ani u Osnovnom dr\u017eavnom tu\u017eila\u0161tvu u Podgorici, nakon \u010dega im je odre\u0111eno zadr\u017eavanje do 72 sata.<\/p>\n\n\n\n<p>Lakovi\u0107 se sumnji\u010di da je 27. januara, no\u0107 uo\u010di izricanja presude, Medenici omogu\u0107io da prespava kod njega u ku\u0107i. Mu\u010dalica je, prema navodima iz krivi\u010dne prijave, Medenici pomogao narednog dana kada mu je bilo zakazano izricanje presude. Navodno, Lakovi\u0107 ga je pozvao da do\u0111e kod njega u ku\u0107u u Zagori\u010du. Kada je stigao ispred porodi\u010dne ku\u0107e Lakovi\u0107a, sa\u010dekao ga je Medenica s putnom torbom u ruci, tra\u017ee\u0107i mu da ga vozi u mjesto Radov\u010de. Mu\u010dalica je to uradio, zbog \u010dega su mu prekju\u010de stavljene lisice na ruke. On je, kako je za &#8222;Dan&#8220; potvrdio njegov branilac, advokat Nikola Ivanovi\u0107, negirao krivicu. Tu\u017eiocu je ispri\u010dao da je Medenicu znao iz naselja, ali da se nikada nijesu intenzivno dru\u017eili. Priznao je da je znao da se protiv Medenice vodi krivi\u010dni postupak i da treba da mu se izrekne presuda. Ipak, Mu\u010dalica je bio izri\u010dit da nije znao da je Medenica u bjekstvu. Istakao je i da je sve ove navode ve\u0107 ispri\u010dao u policiji kada je nakon bjekstva Medenice pozvan na saslu\u0161anje.<\/p>\n\n\n\n<p>Ministar unutra\u0161njih poslova Danilo \u0160aranovi\u0107 saop\u0161tio je ju\u010de da je Medenica boravio na lokalitetima koji su policiji i tu\u017eila\u0161tvu poznati, kao i to ko mu je pomagao 27. i 28. januara, od kada je nedostupan dr\u017eavnim organima.<\/p>\n\n\n\n<p>&#8222;Preduzete su policijsko potra\u017ene radnje i mjere u cilju lociranja njega kao osu\u0111enog lica i u mjerama prvog zahvata utvr\u0111eno da je ovo lice boravilo na lokalitetima koji su policiji i tu\u017eila\u0161tvu poznati, kao i koja su mu lica pomagala dana 27. i 28. januara od kada je on nedostupan dr\u017eavnim organima&#8220;, kazao je ministar.<\/p>\n\n\n\n<p>Napominje da policija raspola\u017ee podacima o licima koja su u\u010destvovala u pomaganju bjeguncu.<\/p>\n\n\n\n<p>&#8222;Ti podaci su od strane policije dostavljeni Osnovnom dr\u017eavnom tu\u017eila\u0161tvu, nakon \u010dega je formiran i predmet, a kroz zajedni\u010dku aktivnost policije i Osnovnog dr\u017eavnog tu\u017eila\u0161tva, ju\u010de su li\u0161ena slobode dva lica zbog sumnje da su izvr\u0161ila krivi\u010dno djelo, omogu\u0107avanje bjekstva Milo\u0161u Medenici, odnosno licu koje je li\u0161eno slobode&#8220;, kazao je \u0160aranovi\u0107.<\/p>\n\n\n\n<p>Lisice na ruke Lakovi\u0107u i Mu\u010dalici stavljene su u akciji podgori\u010dkih policajaca i Osnovnog dr\u017eavnog tu\u017eila\u0161tva. Na teret im je stavljeno da su izvr\u0161ili krivi\u010dno djelo omogu\u0107avanje bjekstva licu li\u0161enom slobode.<\/p>\n\n\n\n<p>&#8222;Sumnja se da su S.L. i N.M. po\u010dinili krivi\u010dno djelo na na\u010din \u0161to su Milo\u0161u Medenici pru\u017eili pomo\u0107 i logistiku u skrivanju, kako bi bio nedostupan organima za sprovo\u0111enje zakona, nakon \u0161to je prekr\u0161io mjeru nadzora, te nakon \u0161to mu je postupaju\u0107a sutkinja odredila pritvor 28.1.2026. godine. U policijsko-tu\u017eila\u010dkim aktivnostima, koje su sprovedene sinhronizovano i koordinisano, na osnovu do sada prikupljenih \u010dinjenica egzistiraju dokazi koji ukazuju na osnove sumnje da su navedena dva lica izvr\u0161ila krivi\u010dno djelo koje im se krivi\u010dnom prijavom stavlja na teret&#8220;, saop\u0161teno je iz policije.<\/p>\n\n\n\n<p><strong>&#8222;Medenica&#8220; tvrdi da mu je policija omogu\u0107ila da pobjegne<\/strong><\/p>\n\n\n\n<p>Nakon hap\u0161enja Lakovi\u0107a i Mu\u010dalice, video-snimkom ponovo se oglasio i navodni Milo\u0161 Medenica. On je objavom na dru\u0161tvenoj mre\u017ei X, putem koje se redovno ogla\u0161ava, a nadle\u017eni tvrde da je u pitanju materijal generisan vje\u0161ta\u010dkom inteligencijom, istakao da uhap\u0161eni nemaju nikakve veze s njegovim bjekstvom.<\/p>\n\n\n\n<p>Kako je istakao, &#8222;umjesto da prvo po\u010diste svoje redove&#8220;, jer su mu, kako tvrdi, o\u010digledno oni pomogli da pobjegne, nadle\u017eni hapse druge ljudi koji &#8222;veze nemaju \u2013 jer da imaju, dosad bi ih uhapsili sto puta&#8220;.<\/p>\n\n\n\n<p>&#8222;Dr\u017ei se HD Lakovi\u0107u. Posla\u0107u nekoga da ti vrati onih 20 evra kad sam ti rekao odoh da se predam. Znam da nema\u0161 pa neka se na\u0111e. A ako ode\u0161 u istragu, a ne\u0107e\u0161, jer znam da nisi kriv, jer mi nisi pomogao iako sam ja mo\u017eda i \u017eelio\u2026&#8220;, naveo je Medenica, izme\u0111u ostalog.<\/p>","protected":false},"excerpt":{"rendered":"<p>Drugovi Milo\u0161a Medenice, Sa\u0161a Lakovi\u0107 i Nemanja Mu\u010dalica, uhap\u0161eni su zbog sumnje da su tom nepravosna\u017eno osu\u0111enom organizatoru kriminalne grupe pomogli prilikom bjekstva<\/p>","protected":false},"author":8,"featured_media":904971,"comment_status":"open","ping_status":"open","sticky":false,"template":"","format":"standard","meta":{"_acf_changed":false,"footnotes":"","jetpack_publicize_message":"","jetpack_publicize_feature_enabled":true,"jetpack_social_post_already_shared":false,"jetpack_social_options":{"image_generator_settings":{"template":"highway","default_image_id":0,"font":"","enabled":false},"version":2}},"categories":[10],"tags":[389,5007,31730,31723],"naslovna":[],"class_list":["post-964192","post","type-post","status-publish","format-standard","has-post-thumbnail","hentry","category-hronika","tag-danilo-saranovic","tag-milos-medenica","tag-nemanja-mucalica","tag-sasa-lakovic"],"acf":[],"jetpack_publicize_connections":[],"_links":{"self":[{"href":"https:\/\/gradski.me\/en\/wp-json\/wp\/v2\/posts\/964192","targetHints":{"allow":["GET"]}}],"collection":[{"href":"https:\/\/gradski.me\/en\/wp-json\/wp\/v2\/posts"}],"about":[{"href":"https:\/\/gradski.me\/en\/wp-json\/wp\/v2\/types\/post"}],"author":[{"embeddable":true,"href":"https:\/\/gradski.me\/en\/wp-json\/wp\/v2\/users\/8"}],"replies":[{"embeddable":true,"href":"https:\/\/gradski.me\/en\/wp-json\/wp\/v2\/comments?post=964192"}],"version-history":[{"count":1,"href":"https:\/\/gradski.me\/en\/wp-json\/wp\/v2\/posts\/964192\/revisions"}],"predecessor-version":[{"id":964193,"href":"https:\/\/gradski.me\/en\/wp-json\/wp\/v2\/posts\/964192\/revisions\/964193"}],"wp:featuredmedia":[{"embeddable":true,"href":"https:\/\/gradski.me\/en\/wp-json\/wp\/v2\/media\/904971"}],"wp:attachment":[{"href":"https:\/\/gradski.me\/en\/wp-json\/wp\/v2\/media?parent=964192"}],"wp:term":[{"taxonomy":"category","embeddable":true,"href":"https:\/\/gradski.me\/en\/wp-json\/wp\/v2\/categories?post=964192"},{"taxonomy":"post_tag","embeddable":true,"href":"https:\/\/gradski.me\/en\/wp-json\/wp\/v2\/tags?post=964192"},{"taxonomy":"naslovna","embeddable":true,"href":"https:\/\/gradski.me\/en\/wp-json\/wp\/v2\/naslovna?post=964192"}],"curies":[{"name":"wp","href":"https:\/\/api.w.org\/{rel}","templated":true}]}}