{"id":963999,"date":"2026-04-29T22:20:00","date_gmt":"2026-04-29T20:20:00","guid":{"rendered":"https:\/\/gradski.me\/?p=963999"},"modified":"2026-04-29T20:04:58","modified_gmt":"2026-04-29T18:04:58","slug":"mackovi-dani-i-u-tivtu","status":"publish","type":"post","link":"https:\/\/gradski.me\/en\/kultura\/mackovi-dani-i-u-tivtu\/","title":{"rendered":"\"Cat Days\" in Tivat too"},"content":{"rendered":"<p>Program po\u010dinje u utorak, 5. maja u Kotoru, kroz niz sadr\u017eaja \u2013 izlo\u017ebe, predavanja, promocije i stru\u010dno vo\u0111ene programe posve\u0107ene \u017eivotu i djelu jednog od najzna\u010dajnijih autora stripa na na\u0161im prostorima. Drugi dan programa, u srijedu, 6. maja, odr\u017eava se u Omladinskom centru Tivat, gdje je planiran sadr\u017eaj namijenjen posebno mladima i \u0161iroj publici i to kroz radionice stripa i ilustracije i otvaranje izlo\u017ebe slikarskih stripova Andrije Maurovi\u0107a.<\/p>","protected":false},"excerpt":{"rendered":"<p>Manifestacija \u201eDani posve\u0107eni Andriji Maurovi\u0107u\u201c \u0107e se realizovati 5. i 6. maja u Kotoru i Tivtu u saradnji sa relevantnim institucijama i umjetnicima iz regiona.<\/p>","protected":false},"author":20,"featured_media":964002,"comment_status":"open","ping_status":"open","sticky":false,"template":"","format":"standard","meta":{"_acf_changed":false,"footnotes":"","jetpack_publicize_message":"","jetpack_publicize_feature_enabled":true,"jetpack_social_post_already_shared":true,"jetpack_social_options":{"image_generator_settings":{"template":"highway","default_image_id":0,"font":"","enabled":false},"version":2}},"categories":[11],"tags":[31706,159],"naslovna":[],"class_list":["post-963999","post","type-post","status-publish","format-standard","has-post-thumbnail","hentry","category-kultura","tag-mackovi-dani","tag-tivat"],"acf":[],"jetpack_publicize_connections":[],"_links":{"self":[{"href":"https:\/\/gradski.me\/en\/wp-json\/wp\/v2\/posts\/963999","targetHints":{"allow":["GET"]}}],"collection":[{"href":"https:\/\/gradski.me\/en\/wp-json\/wp\/v2\/posts"}],"about":[{"href":"https:\/\/gradski.me\/en\/wp-json\/wp\/v2\/types\/post"}],"author":[{"embeddable":true,"href":"https:\/\/gradski.me\/en\/wp-json\/wp\/v2\/users\/20"}],"replies":[{"embeddable":true,"href":"https:\/\/gradski.me\/en\/wp-json\/wp\/v2\/comments?post=963999"}],"version-history":[{"count":1,"href":"https:\/\/gradski.me\/en\/wp-json\/wp\/v2\/posts\/963999\/revisions"}],"predecessor-version":[{"id":964006,"href":"https:\/\/gradski.me\/en\/wp-json\/wp\/v2\/posts\/963999\/revisions\/964006"}],"wp:featuredmedia":[{"embeddable":true,"href":"https:\/\/gradski.me\/en\/wp-json\/wp\/v2\/media\/964002"}],"wp:attachment":[{"href":"https:\/\/gradski.me\/en\/wp-json\/wp\/v2\/media?parent=963999"}],"wp:term":[{"taxonomy":"category","embeddable":true,"href":"https:\/\/gradski.me\/en\/wp-json\/wp\/v2\/categories?post=963999"},{"taxonomy":"post_tag","embeddable":true,"href":"https:\/\/gradski.me\/en\/wp-json\/wp\/v2\/tags?post=963999"},{"taxonomy":"naslovna","embeddable":true,"href":"https:\/\/gradski.me\/en\/wp-json\/wp\/v2\/naslovna?post=963999"}],"curies":[{"name":"wp","href":"https:\/\/api.w.org\/{rel}","templated":true}]}}