{"id":963975,"date":"2026-04-29T18:43:00","date_gmt":"2026-04-29T16:43:00","guid":{"rendered":"https:\/\/gradski.me\/?p=963975"},"modified":"2026-04-29T18:39:40","modified_gmt":"2026-04-29T16:39:40","slug":"akcija-dan-dobrih-djela-na-trgu-nezavisnosti","status":"publish","type":"post","link":"https:\/\/gradski.me\/en\/podgorica\/akcija-dan-dobrih-djela-na-trgu-nezavisnosti\/","title":{"rendered":"\"Good Deeds Day\" campaign on Independence Square"},"content":{"rendered":"<p><\/p>\n\n\n\n<p>Doga\u0111aj organizuje poslanica Na\u0111a Lakovi\u0107, uz podr\u0161ku inicijative \u201eDan dobrih djela\u201c, a program je po\u010deo u 18 \u010dasova na Trgu nezavisnosti.<\/p>\n\n\n\n<p>Posjetioci su u prilici da u\u017eivaju u mini koncertu, pozitivnoj atmosferi i dru\u017eenju, ali i da se aktivno uklju\u010de u \u0161irenje ideje me\u0111usobne podr\u0161ke i zajedni\u010dkog djelovanja.<\/p>\n\n\n\n<figure class=\"wp-block-image size-large\"><img fetchpriority=\"high\" decoding=\"async\" width=\"1024\" height=\"768\" src=\"https:\/\/gradski.me\/wp-content\/uploads\/2026\/04\/3189686f-ba0b-4e67-b3b2-c98288998246-1024x768.webp\" alt=\"\" class=\"wp-image-963980\" title=\"\" srcset=\"https:\/\/gradski.me\/wp-content\/uploads\/2026\/04\/3189686f-ba0b-4e67-b3b2-c98288998246-1024x768.webp 1024w, https:\/\/gradski.me\/wp-content\/uploads\/2026\/04\/3189686f-ba0b-4e67-b3b2-c98288998246-300x225.webp 300w, https:\/\/gradski.me\/wp-content\/uploads\/2026\/04\/3189686f-ba0b-4e67-b3b2-c98288998246-768x576.webp 768w, https:\/\/gradski.me\/wp-content\/uploads\/2026\/04\/3189686f-ba0b-4e67-b3b2-c98288998246-1536x1152.webp 1536w, https:\/\/gradski.me\/wp-content\/uploads\/2026\/04\/3189686f-ba0b-4e67-b3b2-c98288998246-16x12.webp 16w, https:\/\/gradski.me\/wp-content\/uploads\/2026\/04\/3189686f-ba0b-4e67-b3b2-c98288998246.webp 1600w\" sizes=\"(max-width: 1024px) 100vw, 1024px\" \/><\/figure>\n\n\n\n<p>Organizatori poru\u010duju da je doga\u0111aj otvoren za sve, te pozivaju gra\u0111ane da budu dio ove inicijative koja promovi\u0161e male, ali zna\u010dajne promjene u zajednici.<\/p>\n\n\n\n<figure class=\"wp-block-video\"><video height=\"320\" style=\"aspect-ratio: 568 \/ 320;\" width=\"568\" controls src=\"https:\/\/gradski.me\/wp-content\/uploads\/2026\/04\/177748018515033.mov\"><\/video><\/figure>\n\n\n\n<p><\/p>","protected":false},"excerpt":{"rendered":"<p>Na Trgu nezavisnosti  po\u010dela je akcija \u201eDan dobrih djela\u201c, koja ima za cilj da kroz muziku, volontiranje i zajedni\u0161tvo okupi gra\u0111ane i podstakne duh solidarnosti.<\/p>","protected":false},"author":5,"featured_media":963979,"comment_status":"open","ping_status":"open","sticky":false,"template":"","format":"standard","meta":{"_acf_changed":false,"footnotes":"","jetpack_publicize_message":"","jetpack_publicize_feature_enabled":true,"jetpack_social_post_already_shared":true,"jetpack_social_options":{"image_generator_settings":{"template":"highway","default_image_id":0,"font":"","enabled":false},"version":2}},"categories":[6],"tags":[1532,31703,5849],"naslovna":[908],"class_list":["post-963975","post","type-post","status-publish","format-standard","has-post-thumbnail","hentry","category-podgorica","tag-akcija","tag-dan-dobrih-djela","tag-trg-nezavisnosti","naslovna-izdvajamo"],"acf":[],"jetpack_publicize_connections":[],"_links":{"self":[{"href":"https:\/\/gradski.me\/en\/wp-json\/wp\/v2\/posts\/963975","targetHints":{"allow":["GET"]}}],"collection":[{"href":"https:\/\/gradski.me\/en\/wp-json\/wp\/v2\/posts"}],"about":[{"href":"https:\/\/gradski.me\/en\/wp-json\/wp\/v2\/types\/post"}],"author":[{"embeddable":true,"href":"https:\/\/gradski.me\/en\/wp-json\/wp\/v2\/users\/5"}],"replies":[{"embeddable":true,"href":"https:\/\/gradski.me\/en\/wp-json\/wp\/v2\/comments?post=963975"}],"version-history":[{"count":6,"href":"https:\/\/gradski.me\/en\/wp-json\/wp\/v2\/posts\/963975\/revisions"}],"predecessor-version":[{"id":963992,"href":"https:\/\/gradski.me\/en\/wp-json\/wp\/v2\/posts\/963975\/revisions\/963992"}],"wp:featuredmedia":[{"embeddable":true,"href":"https:\/\/gradski.me\/en\/wp-json\/wp\/v2\/media\/963979"}],"wp:attachment":[{"href":"https:\/\/gradski.me\/en\/wp-json\/wp\/v2\/media?parent=963975"}],"wp:term":[{"taxonomy":"category","embeddable":true,"href":"https:\/\/gradski.me\/en\/wp-json\/wp\/v2\/categories?post=963975"},{"taxonomy":"post_tag","embeddable":true,"href":"https:\/\/gradski.me\/en\/wp-json\/wp\/v2\/tags?post=963975"},{"taxonomy":"naslovna","embeddable":true,"href":"https:\/\/gradski.me\/en\/wp-json\/wp\/v2\/naslovna?post=963975"}],"curies":[{"name":"wp","href":"https:\/\/api.w.org\/{rel}","templated":true}]}}