{"id":963963,"date":"2026-04-29T18:38:00","date_gmt":"2026-04-29T16:38:00","guid":{"rendered":"https:\/\/gradski.me\/?p=963963"},"modified":"2026-04-29T18:31:06","modified_gmt":"2026-04-29T16:31:06","slug":"odrzana-gala-premijera-djavo-nosi-pradu-2-u-porto-montenegru","status":"publish","type":"post","link":"https:\/\/gradski.me\/en\/zabava\/odrzana-gala-premijera-djavo-nosi-pradu-2-u-porto-montenegru\/","title":{"rendered":"The Devil Wears Prada 2 Gala Premiere Held in Porto Montenegro"},"content":{"rendered":"<p><\/p>\n\n\n\n<p>In the spirit of high fashion and sophistication that the film embodies, the evening was marked by elegance and impeccable organization, with a strong imprint of Vogue aesthetics and carefully selected guests from the world of fashion, culture, and media.<\/p>\n\n\n\n<figure class=\"wp-block-image size-large\"><img fetchpriority=\"high\" decoding=\"async\" width=\"683\" height=\"1024\" src=\"https:\/\/gradski.me\/wp-content\/uploads\/2026\/04\/zzz-683x1024.webp\" alt=\"\" class=\"wp-image-963966\" title=\"\" srcset=\"https:\/\/gradski.me\/wp-content\/uploads\/2026\/04\/zzz-683x1024.webp 683w, https:\/\/gradski.me\/wp-content\/uploads\/2026\/04\/zzz-200x300.webp 200w, https:\/\/gradski.me\/wp-content\/uploads\/2026\/04\/zzz-768x1152.webp 768w, https:\/\/gradski.me\/wp-content\/uploads\/2026\/04\/zzz-8x12.webp 8w, https:\/\/gradski.me\/wp-content\/uploads\/2026\/04\/zzz.webp 1024w\" sizes=\"(max-width: 683px) 100vw, 683px\" \/><\/figure>\n\n\n\n<p>Photo: Mihael \u0110uri\u010di\u0107<\/p>\n\n\n\n<p>After the formal part and the red carpet, the gathering continued with an elegant evening cocktail at the Siro Boka Place Hotel, in a relaxed atmosphere filled with style and good energy.<\/p>\n\n\n\n<p>Cine Grand Epic MCF continues with exclusive screenings, the preview is scheduled for today at 8 pm, while tomorrow, April 30, a special event, Glam Ladies Night, will be held, with two screenings of the film, a special panel program, and gifts from partners for the luckiest ladies.<\/p>\n\n\n\n<p>Cine Grand Epic MCF once again confirms its position as a place where film meets style, and events develop into unforgettable experiences.<\/p>\n\n\n\n<figure class=\"wp-block-image size-large\"><img decoding=\"async\" width=\"682\" height=\"1024\" src=\"https:\/\/gradski.me\/wp-content\/uploads\/2026\/04\/jjj-682x1024.webp\" alt=\"\" class=\"wp-image-963967\" title=\"\" srcset=\"https:\/\/gradski.me\/wp-content\/uploads\/2026\/04\/jjj-682x1024.webp 682w, https:\/\/gradski.me\/wp-content\/uploads\/2026\/04\/jjj-200x300.webp 200w, https:\/\/gradski.me\/wp-content\/uploads\/2026\/04\/jjj-768x1154.webp 768w, https:\/\/gradski.me\/wp-content\/uploads\/2026\/04\/jjj-8x12.webp 8w, https:\/\/gradski.me\/wp-content\/uploads\/2026\/04\/jjj.webp 1023w\" sizes=\"(max-width: 682px) 100vw, 682px\" \/><\/figure>\n\n\n\n<p>Photo: Mihael \u0110uri\u010di\u0107<\/p>","protected":false},"excerpt":{"rendered":"<p>After London and Belgrade, the gala premiere of one of the most anticipated film titles of the season, The Devil Wears Prada 2, was held in Montenegro on April 27. The exclusive event was organized in cooperation with MCF, Vogue Adria and L'Or\u00e9al Paris at the Cine Grand Epic MCF cinema, Boka Place.<\/p>","protected":false},"author":19,"featured_media":963965,"comment_status":"open","ping_status":"open","sticky":false,"template":"","format":"standard","meta":{"_acf_changed":false,"footnotes":"","jetpack_publicize_message":"","jetpack_publicize_feature_enabled":true,"jetpack_social_post_already_shared":true,"jetpack_social_options":{"image_generator_settings":{"template":"highway","default_image_id":0,"font":"","enabled":false},"version":2}},"categories":[12],"tags":[31702],"naslovna":[],"class_list":["post-963963","post","type-post","status-publish","format-standard","has-post-thumbnail","hentry","category-zabava","tag-djavo-nosi-pradu"],"acf":[],"jetpack_publicize_connections":[],"_links":{"self":[{"href":"https:\/\/gradski.me\/en\/wp-json\/wp\/v2\/posts\/963963","targetHints":{"allow":["GET"]}}],"collection":[{"href":"https:\/\/gradski.me\/en\/wp-json\/wp\/v2\/posts"}],"about":[{"href":"https:\/\/gradski.me\/en\/wp-json\/wp\/v2\/types\/post"}],"author":[{"embeddable":true,"href":"https:\/\/gradski.me\/en\/wp-json\/wp\/v2\/users\/19"}],"replies":[{"embeddable":true,"href":"https:\/\/gradski.me\/en\/wp-json\/wp\/v2\/comments?post=963963"}],"version-history":[{"count":1,"href":"https:\/\/gradski.me\/en\/wp-json\/wp\/v2\/posts\/963963\/revisions"}],"predecessor-version":[{"id":963968,"href":"https:\/\/gradski.me\/en\/wp-json\/wp\/v2\/posts\/963963\/revisions\/963968"}],"wp:featuredmedia":[{"embeddable":true,"href":"https:\/\/gradski.me\/en\/wp-json\/wp\/v2\/media\/963965"}],"wp:attachment":[{"href":"https:\/\/gradski.me\/en\/wp-json\/wp\/v2\/media?parent=963963"}],"wp:term":[{"taxonomy":"category","embeddable":true,"href":"https:\/\/gradski.me\/en\/wp-json\/wp\/v2\/categories?post=963963"},{"taxonomy":"post_tag","embeddable":true,"href":"https:\/\/gradski.me\/en\/wp-json\/wp\/v2\/tags?post=963963"},{"taxonomy":"naslovna","embeddable":true,"href":"https:\/\/gradski.me\/en\/wp-json\/wp\/v2\/naslovna?post=963963"}],"curies":[{"name":"wp","href":"https:\/\/api.w.org\/{rel}","templated":true}]}}