{"id":963935,"date":"2026-04-29T19:28:00","date_gmt":"2026-04-29T17:28:00","guid":{"rendered":"https:\/\/gradski.me\/?p=963935"},"modified":"2026-04-29T19:03:52","modified_gmt":"2026-04-29T17:03:52","slug":"video-vajc-pocetak-izrade-ugovora-o-pristupanju-snazan-signal-da-je-crna-gora-na-dobrom-putu-ka-eu","status":"publish","type":"post","link":"https:\/\/gradski.me\/en\/politika\/video-vajc-pocetak-izrade-ugovora-o-pristupanju-snazan-signal-da-je-crna-gora-na-dobrom-putu-ka-eu\/","title":{"rendered":"(VIDEO) Weitz: The start of drafting the accession treaty is a strong signal that Montenegro is on the right path towards the EU"},"content":{"rendered":"<p><\/p>\n\n\n\n<p>To je poru\u010deno je na otvaranju 25. sastanka Parlamentarnog odbor EU i Crne Gore za stabilizaciju i pridru\u017eivanje (POSP), u Strazburu, prenosi Agencija Mina.<\/p>\n\n\n\n<p>Kopredsjedavaju\u0107u POSP-a&nbsp;<strong>Tomas Vajs<\/strong>&nbsp;podsjetio je da je Crna Gora privremeno zatvorila 14 poglavlja, navode\u0107i da je ostalo dosta otvorenih, ali da to \u0161to su otvorena ne zna\u010di da se ne napreduje.<\/p>\n\n\n\n<p>\u201eMnoga od tih poglavlja su u zavr\u0161nom stadijumu i jo\u0161 se \u010dini mogu\u0107im zavr\u0161iti ih krajem godine ili po\u010detkom sljede\u0107e\u201c, rekao je Vajs.<\/p>\n\n\n\n<p>On je zahvalio kiparskom predsjedavanju Sajvetom EU na odluci o formiranju grupe za sastavljanje pristupnog ugovora.<\/p>\n\n\n\n<p>\u201eTo je formalin \u010din, ali ja radim ve\u0107 devet godina na pro\u0161irenju u Evropskom parlamentu (EU), i to je va\u017ean signal da su sve dr\u017eave \u010dlanice pristale i to je dobra indicija da je Crna Gora na dobrom putu, ali i da smo mi u EU na dobrom putu da ispunimo obe\u0107anje da svih 27 \u010dlanica podr\u017ei Crnu Goru\u201c, naveo je Vajs.<\/p>\n\n\n\n<p>On je naglasio da je va\u017eno osiguranje zavr\u0161etka izborne reforme do kraja godine.<\/p>\n\n\n\n<p>\u201eMnogo toga je u\u010dinjeno, ali je potrebna finaliztacija te reforme i u svim demokratijama to treba u\u010diniti uz \u0161to ve\u0107i konsenzus. Uvjeren sam da ula\u017eete trud u to\u201c, dodao je Vajs.<\/p>\n\n\n\n<p>On je poru\u010dio da Crna Gora u EP, Evropskom savjetu i Evropskoj komisiji ima ogromnu podr\u0161ku u pristupanju EU.<\/p>\n\n\n\n<p>Vajs je rekao da se nada da nadolaze\u0107e izborne kampanje ne\u0107e uticati na dono\u0161enje potrebnih zakona.<\/p>\n\n\n\n<p>\u0160ef delegacije Skup\u0161tine Crne Gore u POSP-u&nbsp;<strong>Dejan Djurovic<\/strong>&nbsp;rekao je da Crna Gora i dalje ostaje najnapredniji kandidat u procesu EU inetegracija.<\/p>\n\n\n\n<p>On je kazao da 14 privremeno zatvorenih poglavlja i najnovijii rezultati ostvareni tokom ove godine jasno pokazuju da pregovara\u010dki proces kontinuirano napreduje.<\/p>\n\n\n\n<p>\u201eOvi rezultati potvr\u0111uju institucionalnu posve\u0107enost i sposobnost dr\u017eave da odgovori na zahtjevene standarde\u201c, rekao je \u0110urovi\u0107 i naglasio da \u0107e naredna faza biti najzahtjevnija.<\/p>\n\n\n\n<p>Kako je naveo, upravo u tom kontekstu uloga Skup\u0161tine dobija dodatni zna\u010daj.<\/p>\n\n\n\n<p>\u201eUsvajanje kvalitetnih, usla\u0111enih i primjenljivih zakona direktno uti\u010de na ispunjavanje zavr\u0161nih mjerila i dinamiku zatvaranja pregovara\u010dkih poglavlja. Parlament mo\u017ee biti sna\u017ean pokreta\u010d reformi kada postoji politi\u010dka volja i konsenzus\u201c, kazao je \u0110urovi\u0107 i dodao da je jednako va\u017ena nadzorna uloga Skup\u0161tine.<\/p>\n\n\n\n<p>Prema njegovim rije\u010dima, neophodno je dalje ja\u010danje konsenzusa svih politi\u010dkih aktera oko evropske agende, a evropske integracije moraju ostati zajedni\u010dki cilj iznad dnevnopoliti\u010dkih razlika.<\/p>\n\n\n\n<p>\u201eUbije\u0111en sam da \u0107e na\u0161a dr\u017eava nastaviti da prednja\u010di u procesu pristupanja. 2028. godina je godina kada bi trebalo da sve zavr\u0161imo\u201c, istakao je \u0110urovi\u0107.<\/p>\n\n\n\n<p>Glavni pregovara\u010d Crne Gore sa EU&nbsp;<strong>Predrag Zenovic<\/strong>&nbsp;rekao je da Crna Gora ulazi u najodlu\u010dniju fazu pristupanja EU.<\/p>\n\n\n\n<p>\u201eCrna Gora odr\u017eava sna\u017enu dinamiku pregovora, ja\u010da svoje napore na reformama, s fokusom na postizanje mjerljivih rezultata u praksi\u201c, naveo je Zenovi\u0107.<\/p>\n\n\n\n<p>On je kazao da je prvi put od 2009. godine formirana radna grupa za sastavljanje pristupnog ugovora, \u0161to, prema rije\u010dima Zenovi\u0107a, obilje\u017eava klju\u010dnu etapu u finalnoj fazi pristupanja, gdje \u010dlanstvo nije samo aspiracija, nego realisiti\u010dan cilj.<\/p>\n\n\n\n<p>\u201eCrna Gora je predvodnik me\u0111u kandidatima, 14 poglavlja je zatvoreno \u2013 tre\u0107ina je zavr\u0161ena, to pokazuje ne samo visok nivo institucionalne spremnosti, ve\u0107 i sna\u017ean konsenzus dru\u0161tevni i politi\u010dki o evropskom putu\u201c, rekao je Zenovi\u0107.<\/p>\n\n\n\n<p>On je istakao da je klju\u010dna uloga Skup\u0161tine u procesu pristupanja.<\/p>\n\n\n\n<p>\u201eZakonodavni proces je u sredi\u0161tu pregovora. EU je duboko demokratski projekat, klju\u010dno je usvojiti zakone, ja\u010dati partnerstvo Skup\u0161tine i Vlade, kako bi se odr\u017eao kontinuitet reformi\u201c, rekao je Zenovi\u0107.<\/p>\n\n\n\n<p>On je kazao da je vladavina prava okosnica pristupnog procesa, kao i da je postignut vidljiv napredak, uz jasne napore da se zavr\u0161e preostale obaveze unutar rokova.<\/p>\n\n\n\n<p>Zenovi\u0107 je rekao da je Crna Gora dosljedna u borbi protiv korupcije i organizovanog kriminala, dodaju\u0107i da \u0107e izborom direktora Agencije za spre\u010davanje korupcije borba protiv korupcije biti jo\u0161 \u010dvr\u0161\u0107a.<\/p>\n\n\n\n<p>On je, govore\u0107i o borbi protiv organizovanog kriminala, naveo da je to klju\u010dna komponenta poglavlja 24 i da je do\u0161lo do pove\u0107anja broja istraga, presuda.<\/p>\n\n\n\n<p>Kako je kazao Zenovi\u0107, Crna Gora je napredovala i u borbi protiv krijum\u010darenja ljudi, a intenzivirane su i aktivnosti u poglavlju 27.<\/p>\n\n\n\n<p>\u201eNatura 2000 nacionalna kampanja je po\u010dela, a po\u010dele su i javne konsulatacije. Ako zadr\u017eimo ovaj tempo Vlada \u0107e usvojiti predlog za Naturu 2000 i predati ga u junu\u201c, naveo je Zenovi\u0107.<\/p>\n\n\n\n<p>On je poru\u010dio da Crna Gora ne samo da sna\u017eno napreduje prema \u010dlanstvu, ve\u0107 ulazi u zadnju fazu pristupnog procesa sa odlu\u010dno\u0161\u0107u, kredibilitetom i samouvjereno\u0161\u0107u.<\/p>\n\n\n\n<p><strong>Kristina Cika<\/strong>, ispred kiparskog predsjedni\u0161tva Savjetom EU, rekla je da napredak pro\u0161irenja klju\u010dni prioritet predsjedavanja.<\/p>\n\n\n\n<p>\u201eCrna Gora je predvodnik, va\u0161a brzina i predanost reformama pokazuju da se mo\u017ee ostvariit napredak odlu\u010dno\u0161\u0107u i predano\u0161\u0107u. 14 zatvorenih poglavlja potvrda su politi\u010dke volje u Crnoj Gori. Ohrabrzujemo se da nastavite tom brzinom i nadam se da \u0107emo zatvoriti jo\u0161 poglavlja tokom kiparskog predsjedavanja\u201c, kazala je Cika.<\/p>\n\n\n\n<p>Kako je navela, reforme bi trebalo da osiguraju profeisonalnost i nezavisnost sudstva.<\/p>\n\n\n\n<p>Cika je istakla da napredak Crne Gore pokazuje svijetu i regionu da pro\u0161irenje funkcioni\u0161e i da reforme donose rezultate.<\/p>\n\n\n\n<p>\u0160efica odjeljenja za Crnu Goru i BiH,&nbsp;<strong>Barbara Hesus Himeno<\/strong>, rekla je da Crna Gora \u010dvrsto nastavlja svojim putem prema EU.<\/p>\n\n\n\n<p>\u201eCrna Gora predvodi put prema EU i postavila je vrlo \u010dvrst primjer drugim dr\u017eavama u regionu. Idu\u0107eg mjeseca o\u010dekujemo dalji napredak, s ciljem da se privremeno zatvore poglavlja 2 i 28, a nadamo se da \u0107emo imati jo\u0161 dva poglavlja za privremeno zatvaranje\u201c, kazala je Himeno.<\/p>\n\n\n\n<p>Kako je navela, nivo napretka u pristupanju Crne Gore je ne\u0161to \u0161to nije vi\u0111eno jo\u0161 od pristupanja Hrvatske, a to je rezultat politi\u010dke volje i sna\u017enog rada u Crnoj Gori.<\/p>\n\n\n\n<p>\u201eEU \u0107e ispuniti svoje obe\u0107anje, to je poruka osnivanja radne grupe za izradu pristupnog ugovora\u201c, rekla je Himeno i dodala da \u0107e oregovori o pristupanju i dalje biti temeljeni na radu i zaslugama, a da napredak \u0107e morati i\u0107i ruku pod ruku sa o\u010dekivanim reformama i uskla\u0111ivanjem sa evropskim standardima.<\/p>\n\n\n\n<p>Ona je kazala da se Crna Gora treba usresrediti na tri stvari \u2013 da odr\u017ei brzinu reformi ili ih \u010dak ubrza, da se fokusira na vladavinu prava, dok bi tre\u0107i fokus trebalo da bude na pobolj\u0161anju podr\u0161ku dru\u0161tva \u010dlanstvu u EU.<\/p>\n\n\n\n<p>Himeno je naglasila da je priklju\u010denje EU dr\u017eavni projekat koji uklju\u010duje sve gra\u0111ane i da je va\u017eno da cijelo dru\u0161tvo osjeti da se na taj na\u010din osna\u017euje.<\/p>\n\n\n\n<p>\u201eOdnosi politi\u010dkih partija i civilnog dru\u0161tva, nakon usvajanja Zakona o ANB-u, sve je to ne\u0161to \u0161to pokazuje da pristupanje moraju prihvatiti svi, a ne sam da to bude prioritet partija\u201c; rekla je Himeno.<\/p>\n\n\n\n<p><strong>Klaj Rambold<\/strong>&nbsp;iz slu\u017ebe za vanjske poslove EP rekao je da je uloga poslanika u Skup\u0161tini klju\u010dna za izgradnju sinergije koja \u0107e oja\u010dati dijalog i ubrzati reforme.<\/p>\n\n\n\n<p>\u201eCrna Gora ima istorijsku mogu\u0107nost da stupi u EU 2028. godine, to ne samo da \u0107e biti insipiracija drugim dr\u017eavama, nego i potvrda da se proces zasniva na zaslugama\u201c, rekao je Rambold.<\/p>\n\n\n\n<p>On je kazao da je potrebna sinergija u odnosima izme\u0111u predsjednika Vlade i dr\u017eave, pogotovo kad je rije\u010d o imenovanjima i predstoje\u0107em zakondavnom radu.<\/p>\n\n\n\n<p>Rambold je naveo da, kako se bude pribli\u017eavao trenutak pristupanja i izbora u Crnoj Gori, svi zajedno moraju paziti u vezi sa zlonamjernim vanjskih uticajima.<\/p>\n\n\n\n<p>Poslanica EP iz Bugarske&nbsp;<strong>Tsvetelina Penkova<\/strong>&nbsp;rekla je da \u017eele pokazati da je integracija Crne Gore od velike strate\u0161ke va\u017enosti, iz perspektive dr\u017eave, ali i iz perspektive EU.<\/p>\n\n\n\n<p>\u201e\u010cestitam na napretku posljednjih mjeseci, na zatvaranju jo\u0161 sedam poglavlja u kratkom periodu, to je jako dobar uspjeh. To jasno odr\u017eava privr\u017eenost Crne Gore vrijednostima EU i reformama\u201c, kazala je Penkova.<\/p>\n\n\n\n<p>Ona je navela da je integracija Crne Gore klju\u010dna za regionalnu stabilnost i stabilnost Evrope.<\/p>\n\n\n\n<p>Specijalni izvjestilac EP za Crnu Goru&nbsp;<strong>Marjan \u0160arec<\/strong>&nbsp;rekao je da se Crna Gora pribli\u017eava svom zavr\u0161nom cilju \u2013 pristupanju EU.<\/p>\n\n\n\n<p>\u201eJako je va\u017eno da svi nastavimo s na\u0161im radom, sa ovim zamahom. I svi u timu, u\u010dini\u0107emo sve \u0161to je u na\u0161oj mo\u0107i da pomognemo Crnoj Gori, a ne samo da uka\u017eemo \u0161ta ne funkcioni\u0161e\u201c, poru\u010dio je \u0160arec.<\/p>\n\n\n\n<p>Poslanik PES-a&nbsp;<strong>Seid Had\u017ei\u0107<\/strong>&nbsp;rekao je da Crnu Goru posebnom \u010dine razli\u010diti identiteti i zato je evropska integracija prilika za unapre\u0111enje prava autohotonih nacionalnih manjina.<\/p>\n\n\n\n<p>\u201eImamo priliku da kroz izmjene izbornog zakona osiguramo njihovu bolju zastupljenost na svim nivoima vlasti. Tako mo\u017eemo praviti pravednije dru\u0161tvo\u201c, rekao je Had\u017ei\u0107.<\/p>\n\n\n\n<p>On je naveo da reforme imaju za cilj izgradnju dru\u0161tva koja se temelji na vladavini prava.<\/p>\n\n\n\n<p>Had\u017ei\u0107 je poru\u010dio da se borba protiv kriminala i korupcije nastavlja jo\u0161 odlu\u010dnije.<\/p>\n\n\n\n<p>Poslanik Demokratske partije soclijalista<strong>&nbsp;Ivan Vukovi\u0107<\/strong>&nbsp;zahvalio je poslanicima EP i drugim institucijama na sna\u017enoj i stalnoj podr\u0161ci u procesu pristupanja Crne Gore EU.<\/p>\n\n\n\n<p>\u201eVezano za odluku o osnivanju radne grupe za sastavljanje pristupnog ugovora, to je istorijski doga\u0111aj i hvala \u0161to nijeste odustali od nas\u201c, rekao je Vukovi\u0107.<\/p>\n\n\n\n<p>Prema njegovim rije\u010dima, osim tehni\u010dkog posla, vezano za prenos zakonodavstva EU, ne doga\u0111a se puno toga u Crnoj Gori u ovom trenutku \u0161to bi nagovijestilo da bi na\u0161a dr\u017eava uskoro mogla pristupiti EU.<\/p>\n\n\n\n<p>\u201eVe\u0107 suprotno, na\u0161i dr\u017eavnici tvrde da rade na konsenzusu, a opozicija je potpuno isklju\u010dena iz procesa. Govore da treba da se svi udru\u017eimo u svrhu ovog cilja, a blate opoziciju. Dok nas podsje\u0107aju da se cijelo dru\u0161tvo priklju\u010duje EU, oni samo ciljaju na glavne NVO i nezavisne medije, dok razgovaraju o temeljnim na\u010delima i vrijednostima EU, oni svakog ko kritikuje njihove prakse prozivaju kriminalcem, prorusom i antievropskim\u201c, rekao je Vukovi\u0107.<\/p>\n\n\n\n<p>On je evropske partnere zamolio da \u201ene \u017emure\u201c na negativne poltii\u010dke trednove u Crnoj Gori.<\/p>\n\n\n\n<p>Poslanik EP iz Austrije&nbsp;<strong>Rajnhard Lopatka<\/strong>&nbsp;rekao je da je zajedni\u010dki cilj da, nakon du\u017eeg perioda bez pro\u0161irenja, vide Crnu Goru u EU.<\/p>\n\n\n\n<p>\u201eMolim vas da nastavite sa reformama, to je vrlo va\u017eno, pogotovo kada su u pitanju na\u010dela pravne dr\u017eave\u201c, rekao je Lopatka.<\/p>\n\n\n\n<p>On je naglasio da se mora osje\u0107ati da Vlada, opozicija i civilno dru\u0161tvo svi \u0161alju iste signale \u2013 da su privr\u017eeni pristupanju i da budu\u0107nost dr\u017eave vide u Evropi.<\/p>\n\n\n\n<p>\u201eVrlo je va\u017ean korak da su pro\u0161le nedjelje \u010dlanice EU osnovale radnu grupu za izradu ugovora o pristupanju\u201c, kazao je Lopatka.<\/p>\n\n\n\n<p>Poslanik EP&nbsp;<strong>Vladimir Prebili\u010d<\/strong>&nbsp;rekao je da je po\u010detak sastavljanja pristupnog ugovora jako pozitivan signal.<\/p>\n\n\n\n<p>\u201eTo je va\u017eno i pokazuje da pro\u0161irenje temeljeno na zaslugama mo\u017ee funkcionisati i da je to mogu\u0107e. Crna Gora je naporno radila da bi do\u0161la do ove ta\u010dke\u201c, kazao je Prebili\u010d.<\/p>\n\n\n\n<p>On je poru\u010dio da se sada moraju ubrzati reforme i zamah pretvoriti u rezultate.<\/p>\n\n\n\n<p>\u201eKako bi se to dogodilo svi segmenti moraju raditi na tome, Vlada i Skup\u0161tina moraju odigrati svoju ulogu. Pristupanje EU ne mo\u017ee pripadati jednoj partiji ili koaliciji, ve\u0107 pripada cijelom dru\u0161tvu\u201c, rekao je Prebili\u010d.<\/p>\n\n\n\n<p>On je naglasio da bi parlamentarni izbori 2027. godine trebalo da pro\u0111u u redu, demokratski u skladu sa evropskim standardima.<\/p>\n\n\n\n<p>\u201ePristupanje Crne Gore mora biti prioritet i mora i\u0107i brzo i ozbiljno kako bi proces napredovao\u201c, poru\u010dio je Prebili\u010d.<\/p>\n\n\n\n<p>Poslanik Albanskog foruma<strong>&nbsp;Artan \u010cobi<\/strong>&nbsp;rekao je da su manjine u Crnoj Gori najja\u010di stub evropske i evroatlanstke orijentacije.<\/p>\n\n\n\n<p>\u201eNa\u0161a podr\u0161ka evorpskom putu je duboko uvjerenje da evropski sistem jem\u010di dugovor\u010dnu stabilnost i prava naciolanih manjina\u201c, kazao je \u010cobi.<\/p>\n\n\n\n<p>On je naveo da danas razgovaraju o kllju\u010dnim poglavjima \u2013 23, 24 i 27.<\/p>\n\n\n\n<p>\u010cobi je rekao da je Crna Gora predvonik procesa pro\u0161irenja na Zapadnom Balkanu i da svaki njen napredak \u0161alje signal cijelom regionu.<\/p>\n\n\n\n<p>\u201eNa\u0161e pristupanje je i u interesu EU, kako bi se osigurala stalna stabilnost ovog dijela kontinenta u kompleksnom kontekstu\u201c, zaklju\u010dio je \u010cobi.<\/p>\n\n\n\n<figure class=\"wp-block-embed is-type-video is-provider-youtube wp-block-embed-youtube wp-embed-aspect-16-9 wp-has-aspect-ratio\"><div class=\"wp-block-embed__wrapper\">\n<iframe title=\"Weiz: The start of drafting the accession treaty is a strong signal that Montenegro is on the right path towards the EU\" width=\"800\" height=\"450\" src=\"https:\/\/www.youtube.com\/embed\/6m4YsmAiZ5U?feature=oembed\" frameborder=\"0\" allow=\"accelerometer; autoplay; clipboard-write; encrypted-media; gyroscope; picture-in-picture; web-share\" referrerpolicy=\"strict-origin-when-cross-origin\" allowfullscreen><\/iframe>\n<\/div><\/figure>","protected":false},"excerpt":{"rendered":"<p>Formiranje radne grupe za izradu ugovora o pristupanju Crne Gore Evropskoj uniji (EU) va\u017ean je signal i poruka da je dr\u017eava na pravom putu, a da \u0107e EU ispuniti svoje obe\u0107anje da svih 27 \u010dlanica podr\u017ei Crnu Goru.<\/p>","protected":false},"author":19,"featured_media":963943,"comment_status":"open","ping_status":"open","sticky":false,"template":"","format":"standard","meta":{"_acf_changed":false,"footnotes":"","jetpack_publicize_message":"","jetpack_publicize_feature_enabled":true,"jetpack_social_post_already_shared":true,"jetpack_social_options":{"image_generator_settings":{"template":"highway","default_image_id":0,"font":"","enabled":false},"version":2}},"categories":[7],"tags":[188,31698,282,27833],"naslovna":[910],"class_list":["post-963935","post","type-post","status-publish","format-standard","has-post-thumbnail","hentry","category-politika","tag-crna-gora","tag-dejan-djurovic","tag-eu","tag-tomas-vajc","naslovna-preporuceno"],"acf":[],"jetpack_publicize_connections":[],"_links":{"self":[{"href":"https:\/\/gradski.me\/en\/wp-json\/wp\/v2\/posts\/963935","targetHints":{"allow":["GET"]}}],"collection":[{"href":"https:\/\/gradski.me\/en\/wp-json\/wp\/v2\/posts"}],"about":[{"href":"https:\/\/gradski.me\/en\/wp-json\/wp\/v2\/types\/post"}],"author":[{"embeddable":true,"href":"https:\/\/gradski.me\/en\/wp-json\/wp\/v2\/users\/19"}],"replies":[{"embeddable":true,"href":"https:\/\/gradski.me\/en\/wp-json\/wp\/v2\/comments?post=963935"}],"version-history":[{"count":3,"href":"https:\/\/gradski.me\/en\/wp-json\/wp\/v2\/posts\/963935\/revisions"}],"predecessor-version":[{"id":963959,"href":"https:\/\/gradski.me\/en\/wp-json\/wp\/v2\/posts\/963935\/revisions\/963959"}],"wp:featuredmedia":[{"embeddable":true,"href":"https:\/\/gradski.me\/en\/wp-json\/wp\/v2\/media\/963943"}],"wp:attachment":[{"href":"https:\/\/gradski.me\/en\/wp-json\/wp\/v2\/media?parent=963935"}],"wp:term":[{"taxonomy":"category","embeddable":true,"href":"https:\/\/gradski.me\/en\/wp-json\/wp\/v2\/categories?post=963935"},{"taxonomy":"post_tag","embeddable":true,"href":"https:\/\/gradski.me\/en\/wp-json\/wp\/v2\/tags?post=963935"},{"taxonomy":"naslovna","embeddable":true,"href":"https:\/\/gradski.me\/en\/wp-json\/wp\/v2\/naslovna?post=963935"}],"curies":[{"name":"wp","href":"https:\/\/api.w.org\/{rel}","templated":true}]}}