{"id":963912,"date":"2026-04-29T17:10:00","date_gmt":"2026-04-29T15:10:00","guid":{"rendered":"https:\/\/gradski.me\/?p=963912"},"modified":"2026-04-29T20:01:04","modified_gmt":"2026-04-29T18:01:04","slug":"kekovic-vlada-da-najkasnije-za-15-dana-potpise-oku","status":"publish","type":"post","link":"https:\/\/gradski.me\/en\/ekonomija\/kekovic-vlada-da-najkasnije-za-15-dana-potpise-oku\/","title":{"rendered":"Kekovi\u0107: Government to sign the OKU within 15 days at the latest"},"content":{"rendered":"<p>&#8222;Represija ra\u0111a inat&#8220;, kazao je Kekovi\u0107.<\/p>\n\n\n\n<p>Zamjenica generalnog sekretara Unije slobodnih sindikata (USSCG) Ivana Mihajlovi\u0107 poru\u010dila je da ne\u0107e odustati od zahtjeva za pove\u0107anje zarada za sve zaposlene u javnom i privatnom sektoru kroz potpisivanje novog Op\u0161teg kolektivnog ugovora (OKU).<\/p>\n\n\n\n<p>USCG je danas organizovala protest, zbog nezadovoljavalju\u0107eg odnosa prema socijalnom dijalogu i zahtjevima sindikata za pove\u0107anjem zarada.<\/p>\n\n\n\n<p>Tako\u0111e, Mihajlovi\u0107 je istakla da tra\u017ee normalizaciju socijalnog dijaloga i prestanak ignorantskog odnosa Vlade prema socijalnim partnerima.<\/p>\n\n\n\n<p>&#8222;Tra\u017eimo odgovoran odnos prema zaposlenima i socijalnim partnerima, pove\u0107anje obra\u010dunske vrijednosti koeficijenta i potpisivanje novog OKU&#8220;, istakla je Mihajlovi\u0107.<\/p>\n\n\n\n<p>Upozorila je da ako nastave da ih ignori\u0161u, bi\u0107e odlu\u010dniji i uporniji.<\/p>\n\n\n\n<p>&#8222;Imamo ono \u0161to oni nemaju pravdu, odlu\u010dnost i jedinstvo&#8220;, zaklju\u010dila je&nbsp;Mihajlovi\u0107.<\/p>\n\n\n\n<p>Predsjednik Sindikata prosvjete Radomir Bo\u017eovi\u0107 rekao je da su tek sino\u0107&nbsp;u saop\u0161tenju dobili stav Vlade sa kojom pregovaraju \u010detiri mjeseca.<\/p>\n\n\n\n<p>&#8222;Gospodine premijeru, lopta je u va\u0161em dvori\u0161tu. Sa niskim platama ima\u0107emo hrvatski scenario o odlasku mladih&#8220;, smatra Bo\u017eovi\u0107.<\/p>\n\n\n\n<p>Protest se odr\u017eava pod nazivom &#8222;Zajedno za 100&#8220;.<\/p>","protected":false},"excerpt":{"rendered":"<p>Generalni sekretar Unije slobodnih sindikata (USS) Sr\u0111a Kekovi\u0107 na protestu koji su organizovali, tra\u017eio je od Vlade Crne Gore da najkasnije za 15 dana potpi\u0161u novi Op\u0161ti kolektivni ugovor (OKU) sa uve\u0107anim koeficijentima. Ukoliko do toga ne do\u0111e, poru\u010duje da \u0107e biti prinu\u0111eni na radikalne mjere.<\/p>","protected":false},"author":20,"featured_media":963917,"comment_status":"open","ping_status":"open","sticky":false,"template":"","format":"standard","meta":{"_acf_changed":false,"footnotes":"","jetpack_publicize_message":"","jetpack_publicize_feature_enabled":true,"jetpack_social_post_already_shared":true,"jetpack_social_options":{"image_generator_settings":{"template":"highway","default_image_id":0,"font":"","enabled":false},"version":2}},"categories":[8],"tags":[5978,15946,25482,31695],"naslovna":[],"class_list":["post-963912","post","type-post","status-publish","format-standard","has-post-thumbnail","hentry","category-ekonomija","tag-ivana-mihajlovic","tag-oku","tag-srdja-kekovic","tag-uscg"],"acf":[],"jetpack_publicize_connections":[],"_links":{"self":[{"href":"https:\/\/gradski.me\/en\/wp-json\/wp\/v2\/posts\/963912","targetHints":{"allow":["GET"]}}],"collection":[{"href":"https:\/\/gradski.me\/en\/wp-json\/wp\/v2\/posts"}],"about":[{"href":"https:\/\/gradski.me\/en\/wp-json\/wp\/v2\/types\/post"}],"author":[{"embeddable":true,"href":"https:\/\/gradski.me\/en\/wp-json\/wp\/v2\/users\/20"}],"replies":[{"embeddable":true,"href":"https:\/\/gradski.me\/en\/wp-json\/wp\/v2\/comments?post=963912"}],"version-history":[{"count":1,"href":"https:\/\/gradski.me\/en\/wp-json\/wp\/v2\/posts\/963912\/revisions"}],"predecessor-version":[{"id":963913,"href":"https:\/\/gradski.me\/en\/wp-json\/wp\/v2\/posts\/963912\/revisions\/963913"}],"wp:featuredmedia":[{"embeddable":true,"href":"https:\/\/gradski.me\/en\/wp-json\/wp\/v2\/media\/963917"}],"wp:attachment":[{"href":"https:\/\/gradski.me\/en\/wp-json\/wp\/v2\/media?parent=963912"}],"wp:term":[{"taxonomy":"category","embeddable":true,"href":"https:\/\/gradski.me\/en\/wp-json\/wp\/v2\/categories?post=963912"},{"taxonomy":"post_tag","embeddable":true,"href":"https:\/\/gradski.me\/en\/wp-json\/wp\/v2\/tags?post=963912"},{"taxonomy":"naslovna","embeddable":true,"href":"https:\/\/gradski.me\/en\/wp-json\/wp\/v2\/naslovna?post=963912"}],"curies":[{"name":"wp","href":"https:\/\/api.w.org\/{rel}","templated":true}]}}