{"id":963884,"date":"2026-04-29T17:14:00","date_gmt":"2026-04-29T15:14:00","guid":{"rendered":"https:\/\/gradski.me\/?p=963884"},"modified":"2026-04-29T16:09:13","modified_gmt":"2026-04-29T14:09:13","slug":"privredna-komora-urucena-uvjerenja-zastitarima-lica-i-imovine","status":"publish","type":"post","link":"https:\/\/gradski.me\/en\/drustvo\/privredna-komora-urucena-uvjerenja-zastitarima-lica-i-imovine\/","title":{"rendered":"Chamber of Commerce: Certificates awarded to security guards for persons and property"},"content":{"rendered":"<p><\/p>\n\n\n\n<p>Rije\u010d je o jo\u0161 jednom primjeru uspje\u0161ne me\u0111uinstitucionalne saradnje u cilju osposobljavanja stru\u010dnog kadra i kreiranja novih mogu\u0107nosti na tr\u017ei\u0161tu rada.<\/p>\n\n\n\n<p>Direktor Sektora za obrazovanje i kvalitet u Privrednoj komori prof. dr Mladen Perazi\u0107 je kazao da je krovna poslovna asocijacija jedan od inicijatora projekta prekvalifikacija, odnosno sticanja kvalifikacija koje nedostaju tr\u017ei\u0161tu rada, i to u saradnji sa Ministarstvom prosvjete, srednjim stru\u010dnim \u0161kolama i Policijskom akademijom.<\/p>\n\n\n\n<p>\u201eZanimanje za\u0161titara imovine i lica nije jednostavno i usljed globalnih okolnosti \u0107e vremenom dobijati sve vi\u0161e na zna\u010daju. Ova kvalifikacija se mo\u017ee razvijati i kroz unapre\u0111enje nauke i tehnologije \u2013 Policijska akademija ima licenciran program obuke za\u0161titara tehni\u010dara \u2013 za pra\u0107enje i za\u0161titu imovine i lica putem online tehnologija, pa se nadam da \u0107emo u budu\u0107nosti sara\u0111ivati i na tom polju\u201c, kazao je Perazi\u0107 i zahvalio predava\u010dima sa Policijske akademije na prenosu kvalitetnog znanja na polaznike obuke.<\/p>\n\n\n\n<p>Rukovodilac Sektora za stru\u010dno osposobljavanje i specijalisti\u010dko usavr\u0161avanje na Policijskoj akademiji \u017darko Mrdovi\u0107 \u010destitao je za\u0161titarima uspje\u0161an zavr\u0161etak obuke.<\/p>\n\n\n\n<p>\u201ePrivrednoj komori dugujemo zahvalnost \u0161to je u obuci koju je realizovala Policijska akademija prepoznala ne\u0161to \u0161to treba podr\u017eati i omogu\u0107ila da za polaznike bude besplatna\u201c, rekao je Mrdovi\u0107.<\/p>\n\n\n\n<p>Uvjerenja su dobili: Grujica Radevi\u0107, Jak\u0161a Vlahovi\u0107, Zoran Jovanovi\u0107, Aleksandar Topalovi\u0107, Dragan Tanjevi\u0107, Milo\u0161 Bo\u0161kovi\u0107, Predrag Stojanovi\u0107, \u017deljko Baljevi\u0107, Batri\u0107 Banovi\u0107, Goran Mudre\u0161a, Vasilije Perovi\u0107, Mladen Radosavovi\u0107, Vanja Nenezi\u0107, Vasilije Rov\u010danin, Rajko Rosi\u0107, Ratka Radovi\u0107, Majra Gerina, Petar Kne\u017eevi\u0107, Borivoje \u0110ukovi\u0107, Mileta Obradovi\u0107, Bojan Brajkovi\u0107, Zoran Nikoli\u0107, Petar Lazarevi\u0107, Gojko Mandi\u0107 i Bojan Lu\u010di\u0107.<\/p>\n\n\n\n<p>Batri\u0107 Banovi\u0107 je istakao va\u017enost obuke koju je realizovala Policijska akademija.<\/p>\n\n\n\n<p>\u201eOva obuka \u0107e mi pomo\u0107i u obavljanju posla koji radim u dr\u017eavnoj firmi. Prijatno sam iznena\u0111en kvalitetom obuke i izra\u017eavam zahvalnost predava\u010dima i svima koji su je organizovali\u201c, rekao je Banovi\u0107.<\/p>\n\n\n\n<p>Polaznica obuke Majra Gerina zahvalila je Privrednoj komori na omogu\u0107avanju dodatnog stu\u010dnog osposobljavanja za\u0161titara imovine i lica na Policijskoj akademiji.<\/p>\n\n\n\n<p>\u201eMeni ova obuka mnogo zna\u010di za dalje osposobljavanje u policiji, po\u0161to zavr\u0161avam tre\u0107u godinu bezbjednosti na Humanisti\u010dkim studijama Univerziteta Donja Gorica. \u017delim da zahvalim svim profesorima koji su nas dobro obu\u010dili, na novim znanjima i iskustvu koja su va\u017ena za dalje napredovanje\u201c, rekla je Gerina.<\/p>\n\n\n\n<p>Dodjeli je prisustvovao i profesor Neboj\u0161a Petrovi\u0107.<\/p>","protected":false},"excerpt":{"rendered":"<p>Sve\u010dano uru\u010denje uvjerenja o zavr\u0161enoj obuci u okviru programa prekvalifikacije za zanimanje za\u0161titara lica i imovine, koji je finansirala Privredna komora Crne Gore, organizovano je 29. aprila u prostorijama Policijske akademije, saop\u0161teno je iz Privredne komore.<\/p>","protected":false},"author":19,"featured_media":963887,"comment_status":"open","ping_status":"open","sticky":false,"template":"","format":"standard","meta":{"_acf_changed":false,"footnotes":"","jetpack_publicize_message":"","jetpack_publicize_feature_enabled":true,"jetpack_social_post_already_shared":true,"jetpack_social_options":{"image_generator_settings":{"template":"highway","default_image_id":0,"font":"","enabled":false},"version":2}},"categories":[9],"tags":[5260],"naslovna":[],"class_list":["post-963884","post","type-post","status-publish","format-standard","has-post-thumbnail","hentry","category-drustvo","tag-privredna-komora"],"acf":[],"jetpack_publicize_connections":[],"_links":{"self":[{"href":"https:\/\/gradski.me\/en\/wp-json\/wp\/v2\/posts\/963884","targetHints":{"allow":["GET"]}}],"collection":[{"href":"https:\/\/gradski.me\/en\/wp-json\/wp\/v2\/posts"}],"about":[{"href":"https:\/\/gradski.me\/en\/wp-json\/wp\/v2\/types\/post"}],"author":[{"embeddable":true,"href":"https:\/\/gradski.me\/en\/wp-json\/wp\/v2\/users\/19"}],"replies":[{"embeddable":true,"href":"https:\/\/gradski.me\/en\/wp-json\/wp\/v2\/comments?post=963884"}],"version-history":[{"count":1,"href":"https:\/\/gradski.me\/en\/wp-json\/wp\/v2\/posts\/963884\/revisions"}],"predecessor-version":[{"id":963890,"href":"https:\/\/gradski.me\/en\/wp-json\/wp\/v2\/posts\/963884\/revisions\/963890"}],"wp:featuredmedia":[{"embeddable":true,"href":"https:\/\/gradski.me\/en\/wp-json\/wp\/v2\/media\/963887"}],"wp:attachment":[{"href":"https:\/\/gradski.me\/en\/wp-json\/wp\/v2\/media?parent=963884"}],"wp:term":[{"taxonomy":"category","embeddable":true,"href":"https:\/\/gradski.me\/en\/wp-json\/wp\/v2\/categories?post=963884"},{"taxonomy":"post_tag","embeddable":true,"href":"https:\/\/gradski.me\/en\/wp-json\/wp\/v2\/tags?post=963884"},{"taxonomy":"naslovna","embeddable":true,"href":"https:\/\/gradski.me\/en\/wp-json\/wp\/v2\/naslovna?post=963884"}],"curies":[{"name":"wp","href":"https:\/\/api.w.org\/{rel}","templated":true}]}}