{"id":963879,"date":"2026-04-29T17:42:00","date_gmt":"2026-04-29T15:42:00","guid":{"rendered":"https:\/\/gradski.me\/?p=963879"},"modified":"2026-04-29T16:16:00","modified_gmt":"2026-04-29T14:16:00","slug":"veceras-se-zavrsavaju-hercegnovske-aprilske-svecanosti","status":"publish","type":"post","link":"https:\/\/gradski.me\/en\/kultura\/veceras-se-zavrsavaju-hercegnovske-aprilske-svecanosti\/","title":{"rendered":"The Herceg Novi April festivities end tomorrow evening."},"content":{"rendered":"<p>Predstava &#8222;Contra Mundum&#8220; u produkciji Centra za kulturu Tivat, nspirisana je autobiografijom \u201cTajni \u017eivot Salvadora Dalija\u201d.<\/p>\n\n\n\n<p>&#8222;Remek djelo koje zaokru\u017euje selekciju 31.&nbsp;HAPS-a&nbsp;(30. aprila 2026.) predstavljaju\u0107i veli\u010danstva: Umjetnika,&nbsp; Glumca, Reditelja i jednako veli\u010danstven odnos muzi\u010dkog, vizuelnog, narativnog, mimi\u010dkog, humoristi\u010dkog i emotivnog do\u017eivljaja u pozori\u0161tu&#8220;, navode iz Herceg festa.<\/p>\n\n\n\n<p>U okviru 31. Hercegnovskih aprilskih pozori\u0161nih sve\u010danosti, ve\u010deras, na Svjetski dan umjetni\u010dke igre, u Off programu, predstava\u00a0\u201cKoliko do kraja\u201d\u00a0koprodukcija DC &#8222;Ballo&#8220; i CNP Podgorica. Iz Herceg festa ka\u017eu da predstava, koja od premijere 4. oktobra 2025. ni\u017ee samo sjajne ocjene, kroz savremeni ples i tjelesnu ekspresiju istra\u017euje psiholo\u0161ke i emotivne posledice porodi\u010dnih i dru\u0161tvenih lomova, sa fokusom na mlade ljude, njihove unutra\u0161nje borbe, osje\u0107aj otu\u0111enosti i potrebu za povezivanjem i iscjeljenjem. Trupa \u201cBallo\u201d prvi put gostuje na HAPSu, iako je (njegov osniva\u010d i titular) Hercegnovsko pozori\u0161te intezivno sara\u0111ivalo sa obje autorke: Julija Mila\u010di\u0107 igrala je u predstavi \u201cPlan B\u201d 2009, a Tamara Vujo\u0161evi\u0107 Mandi\u0107 bila je koreograf u vi\u0161e predstava HP i u projektu 2. HAPSa \u201cJesi li sama ve\u010deras\u201d.<\/p>\n\n\n\n<p>Sino\u0107 je u okviru Off programa odigrana predstava \u201eKneginja\u201c, diplomska predstava mlade i talentovane Novljanke Milice Lu\u010di\u0107 na Fakultetu dramskih umetnosti u Beogradu 2024. U predstavi Milica igra uz Dejana \u0110onovi\u0107a koji je ve\u0107 \u010detrdeset godina na sceni i oboje ostvaruju upe\u010datljive uloge, uspje\u0161no \u201copisuju\u0107i\u201d\u00a0 na trenutke odnos \u0107erke i oca, a onda\u00a0 princeze i knjaza.<\/p>","protected":false},"excerpt":{"rendered":"<p>Sino\u0107 pred novskom publikom &#8222;Kneginja&#8220;, a sjutra ve\u010de na programu je pozori\u0161na predstava &#8222;Contra Mundum&#8220;. <\/p>","protected":false},"author":20,"featured_media":963889,"comment_status":"open","ping_status":"open","sticky":false,"template":"","format":"standard","meta":{"_acf_changed":false,"footnotes":"","jetpack_publicize_message":"","jetpack_publicize_feature_enabled":true,"jetpack_social_post_already_shared":true,"jetpack_social_options":{"image_generator_settings":{"template":"highway","default_image_id":0,"font":"","enabled":false},"version":2}},"categories":[11],"tags":[29557],"naslovna":[],"class_list":["post-963879","post","type-post","status-publish","format-standard","has-post-thumbnail","hentry","category-kultura","tag-haps"],"acf":[],"jetpack_publicize_connections":[],"_links":{"self":[{"href":"https:\/\/gradski.me\/en\/wp-json\/wp\/v2\/posts\/963879","targetHints":{"allow":["GET"]}}],"collection":[{"href":"https:\/\/gradski.me\/en\/wp-json\/wp\/v2\/posts"}],"about":[{"href":"https:\/\/gradski.me\/en\/wp-json\/wp\/v2\/types\/post"}],"author":[{"embeddable":true,"href":"https:\/\/gradski.me\/en\/wp-json\/wp\/v2\/users\/20"}],"replies":[{"embeddable":true,"href":"https:\/\/gradski.me\/en\/wp-json\/wp\/v2\/comments?post=963879"}],"version-history":[{"count":2,"href":"https:\/\/gradski.me\/en\/wp-json\/wp\/v2\/posts\/963879\/revisions"}],"predecessor-version":[{"id":963902,"href":"https:\/\/gradski.me\/en\/wp-json\/wp\/v2\/posts\/963879\/revisions\/963902"}],"wp:featuredmedia":[{"embeddable":true,"href":"https:\/\/gradski.me\/en\/wp-json\/wp\/v2\/media\/963889"}],"wp:attachment":[{"href":"https:\/\/gradski.me\/en\/wp-json\/wp\/v2\/media?parent=963879"}],"wp:term":[{"taxonomy":"category","embeddable":true,"href":"https:\/\/gradski.me\/en\/wp-json\/wp\/v2\/categories?post=963879"},{"taxonomy":"post_tag","embeddable":true,"href":"https:\/\/gradski.me\/en\/wp-json\/wp\/v2\/tags?post=963879"},{"taxonomy":"naslovna","embeddable":true,"href":"https:\/\/gradski.me\/en\/wp-json\/wp\/v2\/naslovna?post=963879"}],"curies":[{"name":"wp","href":"https:\/\/api.w.org\/{rel}","templated":true}]}}