{"id":963855,"date":"2026-04-29T15:38:00","date_gmt":"2026-04-29T13:38:00","guid":{"rendered":"https:\/\/gradski.me\/?p=963855"},"modified":"2026-04-29T15:37:14","modified_gmt":"2026-04-29T13:37:14","slug":"milatovic-odluka-o-svetom-stefanu-bez-analiza-i-transparentnosti","status":"publish","type":"post","link":"https:\/\/gradski.me\/en\/ekonomija\/milatovic-odluka-o-svetom-stefanu-bez-analiza-i-transparentnosti\/","title":{"rendered":"Milatovi\u0107: Decision on Sveti Stefan without analysis and transparency"},"content":{"rendered":"<p><br><\/p>\n\n\n\n<p><br>Milatovi\u0107 se osvrnuo na nedavnu odluku Vlade Crne Gore da, kako se navodi, usvoji uslove poravnanja izme\u0111u dr\u017eave i kompanije Adriatic Properties u vezi sa ponovnim otvaranjem kompleksa Aman Sveti Stefan.<\/p>\n\n\n\n<p>Predsjednik je ocijenio da je rije\u010d o, kako je naveo, \u201eapsurdnoj situaciji\u201c, u kojoj akteri koji su ranije kritikovali aran\u017eman iz perioda biv\u0161e vlasti sada u\u010destvuju u njegovoj realizaciji.<\/p>\n\n\n\n<p>&#8222;Posebno je ukazao na, po njegovim rije\u010dima, nedostatak jasnih informacija, pravnih i finansijskih analiza koje bi opravdale promjenu stava u odnosu na ranije iznijete pozicije&#8220;, navodi se u saop\u0161tenju.<\/p>\n\n\n\n<p>Milatovi\u0107 je naglasio da je u ovom trenutku od klju\u010dne va\u017enosti osigurati punu transparentnost procesa, kao i otvoriti prostor za institucionalni dijalog i javnu raspravu.<\/p>\n\n\n\n<p>&#8222;Odluke koje se donose u ime gra\u0111ana moraju biti jasno obrazlo\u017eene, uz precizno navo\u0111enje pravnih osnova na kojima po\u010divaju\u201c, poru\u010dio je predsjednik.<\/p>\n\n\n\n<p>Komentari\u0161u\u0107i ekonomski aspekt dogovora, predsjednik je, kako se navodi, izrazio sumnju u projekcije o budu\u0107em profitu, podsje\u0107aju\u0107i da je, prema njegovim rije\u010dima, kompanija koja upravlja kompleksom, prema dostupnim podacima, godinama poslovala bez dobiti.<\/p>\n\n\n\n<p>&#8222;U takvim okolnostima, najave o u\u010de\u0161\u0107u dr\u017eave u profitu zahtijevaju dodatna poja\u0161njenja i realnu procjenu\u201c, naveo je.<\/p>\n\n\n\n<p>Predsjednik je tako\u0111e ukazao na mogu\u0107e posljedice po prostor Milo\u010derski park.<\/p>\n\n\n\n<p>Milatovi\u0107 isti\u010de da bi realizacija postoje\u0107ih ugovornih rje\u0161enja, kako se navodi, mogla imati dugoro\u010dne implikacije po javni interes i prostor od posebne vrijednosti.<\/p>\n\n\n\n<p>Na kraju, on je ocijenio da aktuelna situacija otvara \u0161ira pitanja odgovornosti i dosljednosti u vo\u0111enju javnih politika.<\/p>\n\n\n\n<p>&#8222;Na gra\u0111anima je da donesu sud o ovim procesima\u201c, zaklju\u010dio je predsjednik.<\/p>","protected":false},"excerpt":{"rendered":"<p>Predsjednik Crne Gore Jakov Milatovi\u0107 kritikovao je odluku Vlade o poravnanju za kompleks Sveti Stefan, ocjenjuju\u0107i da je donijeta bez jasnih pravnih i finansijskih analiza, uz nedostatak transparentnosti i obrazlo\u017eenja prema gra\u0111anima.<\/p>","protected":false},"author":5,"featured_media":963861,"comment_status":"open","ping_status":"open","sticky":false,"template":"","format":"standard","meta":{"_acf_changed":false,"footnotes":"","jetpack_publicize_message":"","jetpack_publicize_feature_enabled":true,"jetpack_social_post_already_shared":false,"jetpack_social_options":{"image_generator_settings":{"template":"highway","default_image_id":0,"font":"","enabled":false},"version":2}},"categories":[8],"tags":[78,11749],"naslovna":[908],"class_list":["post-963855","post","type-post","status-publish","format-standard","has-post-thumbnail","hentry","category-ekonomija","tag-jakov-milatovic","tag-sveti-stefan","naslovna-izdvajamo"],"acf":[],"jetpack_publicize_connections":[],"_links":{"self":[{"href":"https:\/\/gradski.me\/en\/wp-json\/wp\/v2\/posts\/963855","targetHints":{"allow":["GET"]}}],"collection":[{"href":"https:\/\/gradski.me\/en\/wp-json\/wp\/v2\/posts"}],"about":[{"href":"https:\/\/gradski.me\/en\/wp-json\/wp\/v2\/types\/post"}],"author":[{"embeddable":true,"href":"https:\/\/gradski.me\/en\/wp-json\/wp\/v2\/users\/5"}],"replies":[{"embeddable":true,"href":"https:\/\/gradski.me\/en\/wp-json\/wp\/v2\/comments?post=963855"}],"version-history":[{"count":1,"href":"https:\/\/gradski.me\/en\/wp-json\/wp\/v2\/posts\/963855\/revisions"}],"predecessor-version":[{"id":963857,"href":"https:\/\/gradski.me\/en\/wp-json\/wp\/v2\/posts\/963855\/revisions\/963857"}],"wp:featuredmedia":[{"embeddable":true,"href":"https:\/\/gradski.me\/en\/wp-json\/wp\/v2\/media\/963861"}],"wp:attachment":[{"href":"https:\/\/gradski.me\/en\/wp-json\/wp\/v2\/media?parent=963855"}],"wp:term":[{"taxonomy":"category","embeddable":true,"href":"https:\/\/gradski.me\/en\/wp-json\/wp\/v2\/categories?post=963855"},{"taxonomy":"post_tag","embeddable":true,"href":"https:\/\/gradski.me\/en\/wp-json\/wp\/v2\/tags?post=963855"},{"taxonomy":"naslovna","embeddable":true,"href":"https:\/\/gradski.me\/en\/wp-json\/wp\/v2\/naslovna?post=963855"}],"curies":[{"name":"wp","href":"https:\/\/api.w.org\/{rel}","templated":true}]}}