{"id":963828,"date":"2026-04-29T15:11:00","date_gmt":"2026-04-29T13:11:00","guid":{"rendered":"https:\/\/gradski.me\/?p=963828"},"modified":"2026-04-29T14:58:24","modified_gmt":"2026-04-29T12:58:24","slug":"stanic-vlada-bez-antikriznih-mjera-evropski-savez-podrzava-zahtjeve-sindikata","status":"publish","type":"post","link":"https:\/\/gradski.me\/en\/drustvo\/stanic-vlada-bez-antikriznih-mjera-evropski-savez-podrzava-zahtjeve-sindikata\/","title":{"rendered":"Stani\u0107: Government without anti-crisis measures, European Union supports trade union demands"},"content":{"rendered":"<p><\/p>\n\n\n\n<p><\/p>\n\n\n\n<p><\/p>\n\n\n\n<p>Kako navodi, dok se vlasti zemalja EU utrkuju koja \u0107e od njih obezbijediti bolje uslove za svoje gra\u0111ane, vlast u Crnoj Gori gleda kako da izvu\u010de i posljednji euro iz njihovih d\u017eepova.<\/p>\n\n\n\n<p>\u201cTako su odlu\u010dili da ne odr\u017ee obe\u0107anje o smanjenju akciza na gorivo, ve\u0107 da poku\u0161aju naplatiti vi\u0161e, iako se po osnovu PDV napla\u0107uje zna\u010dajno ve\u0107i iznos od planiranog na gorivo\u201d, poru\u010duje Stani\u0107.<\/p>\n\n\n\n<p>Dodaje da, tako\u0111e, ne pada im na pamet da smanje stopu PDV na gorivo, kao \u0161to su uradile Vlade \u0160panije (sa 21 odsto na 10 odsto) ili Poljske (sa 23 odsto na 8 odsto) i time pomognu i privredu i gra\u0111ane i smanje cijene prevoza, usluga, i prehrambenih proizvoda.<\/p>\n\n\n\n<p>\u201cZbog toga sna\u017eno podr\u017eavamo zahtjeve radnika i njihovih sindikalnih predstavnika za potpisivanje novog Granskog kolektivnog ugovora, ali i pove\u0107anje zarada, posebno za one kategorije koje su zbog pove\u0107anja cijena trenutno najugro\u017eenije\u201d, isti\u010de Stani\u0107.<\/p>\n\n\n\n<p>Crna Gora je kako dodaje, dr\u017eava koja nema nikakve antikrizne mjere i u kojoj se Vlada sastaje u pono\u0107 da bi pove\u0107ala, a ne smanjila namete gra\u0111anima.<\/p>\n\n\n\n<p>\u201cEvropski savez \u0107e nastaviti sa predlaganjem aktikriznih mjera i zakona, sa parlamentarnom aktivno\u0161\u0107u i podr\u0161kom sindikatima u njihovoj borbi za pobolj\u0161anje standarda radnika\u201d, zaklju\u010duje Stani\u0107.<\/p>","protected":false},"excerpt":{"rendered":"<p>Odbijanje Vlade da prihvati zahtjeve radnike prava je slika njihovog odnosa prema onima koji stvaraju u Crnoj Gori, koji pla\u0107aju poreze i pune dr\u017eavnu kasu, saop\u0161tio je predsjednik GO SDP i predstavnik Evropskog saveza\u00a0Mirko Stani\u0107.<\/p>","protected":false},"author":7,"featured_media":934226,"comment_status":"open","ping_status":"open","sticky":false,"template":"","format":"standard","meta":{"_acf_changed":false,"footnotes":"","jetpack_publicize_message":"","jetpack_publicize_feature_enabled":true,"jetpack_social_post_already_shared":true,"jetpack_social_options":{"image_generator_settings":{"template":"highway","default_image_id":0,"font":"","enabled":false},"version":2}},"categories":[9],"tags":[1226,20567],"naslovna":[],"class_list":["post-963828","post","type-post","status-publish","format-standard","has-post-thumbnail","hentry","category-drustvo","tag-sdp","tag-stanic"],"acf":[],"jetpack_publicize_connections":[],"_links":{"self":[{"href":"https:\/\/gradski.me\/en\/wp-json\/wp\/v2\/posts\/963828","targetHints":{"allow":["GET"]}}],"collection":[{"href":"https:\/\/gradski.me\/en\/wp-json\/wp\/v2\/posts"}],"about":[{"href":"https:\/\/gradski.me\/en\/wp-json\/wp\/v2\/types\/post"}],"author":[{"embeddable":true,"href":"https:\/\/gradski.me\/en\/wp-json\/wp\/v2\/users\/7"}],"replies":[{"embeddable":true,"href":"https:\/\/gradski.me\/en\/wp-json\/wp\/v2\/comments?post=963828"}],"version-history":[{"count":1,"href":"https:\/\/gradski.me\/en\/wp-json\/wp\/v2\/posts\/963828\/revisions"}],"predecessor-version":[{"id":963831,"href":"https:\/\/gradski.me\/en\/wp-json\/wp\/v2\/posts\/963828\/revisions\/963831"}],"wp:featuredmedia":[{"embeddable":true,"href":"https:\/\/gradski.me\/en\/wp-json\/wp\/v2\/media\/934226"}],"wp:attachment":[{"href":"https:\/\/gradski.me\/en\/wp-json\/wp\/v2\/media?parent=963828"}],"wp:term":[{"taxonomy":"category","embeddable":true,"href":"https:\/\/gradski.me\/en\/wp-json\/wp\/v2\/categories?post=963828"},{"taxonomy":"post_tag","embeddable":true,"href":"https:\/\/gradski.me\/en\/wp-json\/wp\/v2\/tags?post=963828"},{"taxonomy":"naslovna","embeddable":true,"href":"https:\/\/gradski.me\/en\/wp-json\/wp\/v2\/naslovna?post=963828"}],"curies":[{"name":"wp","href":"https:\/\/api.w.org\/{rel}","templated":true}]}}