{"id":963768,"date":"2026-04-29T13:40:00","date_gmt":"2026-04-29T11:40:00","guid":{"rendered":"https:\/\/gradski.me\/?p=963768"},"modified":"2026-04-29T13:37:52","modified_gmt":"2026-04-29T11:37:52","slug":"mugosa-podnio-inicijativu-za-saslusanje-ministara-oko-oku-a","status":"publish","type":"post","link":"https:\/\/gradski.me\/en\/politika\/mugosa-podnio-inicijativu-za-saslusanje-ministara-oko-oku-a\/","title":{"rendered":"Mugo\u0161a podnio inicijativu za saslu\u0161anje ministara oko OKU-a"},"content":{"rendered":"<p><\/p>\n\n\n\n<p>On je predlo\u017eio da se na tu sjednicu pozovu i predstavnici sindikata i udru\u017eenja poslodavaca.<\/p>\n\n\n\n<p>Mugo\u0161a u inicijativi navodi da se OKU-om ure\u0111uju prava, obaveze i odgovornosti iz radnog odnosa kao i druga pitanja od zna\u010daja za zaposlenog i poslodavca, te da isti isti\u010de sjutra i da o\u010digledno nije do\u0161lo do dogovora socijalnih partnera.&nbsp;<\/p>\n\n\n\n<p>Osim toga, on je ukazao na \u010dinjenicu da bi istekom OKU-a bez zna\u010dajnog dijela radni\u010dkih prava od 1. maja moglo da ostane oko 100 hiljada zaposlenih iz djelatnosti koje nemaju granske kolektivne ugovore ili kolektivne ugovore sa poslodavcem.<\/p>\n\n\n\n<p>Mugo\u0161a je istakao i da bi zbog svega navedenog bilo neophodno u najkra\u0107em mogu\u0107em roku odr\u017eati navedeno saslu\u0161anje.<\/p>","protected":false},"excerpt":{"rendered":"<p>Predsjednik poslani\u010dkog kluba Evropskog saveza u Skup\u0161tini, Boris Mugo\u0161a, podnio je inicijativu da se odr\u017ei saslu\u0161anje resornih ministara zadu\u017eenih za socijalni dijalog i finansije, Naide Ni\u0161i\u0107 i Novice Vukovi\u0107a, povodom kompleksne situacije oko Op\u0161teg kolektivnog ugovora (OKU).<\/p>","protected":false},"author":8,"featured_media":928982,"comment_status":"open","ping_status":"open","sticky":false,"template":"","format":"standard","meta":{"_acf_changed":false,"footnotes":"","jetpack_publicize_message":"","jetpack_publicize_feature_enabled":true,"jetpack_social_post_already_shared":true,"jetpack_social_options":{"image_generator_settings":{"template":"highway","default_image_id":0,"font":"","enabled":false},"version":2}},"categories":[7],"tags":[95,4621,179,15946],"naslovna":[],"class_list":["post-963768","post","type-post","status-publish","format-standard","has-post-thumbnail","hentry","category-politika","tag-boris-mugosa","tag-naida-nisic","tag-novica-vukovic","tag-oku"],"acf":[],"jetpack_publicize_connections":[],"_links":{"self":[{"href":"https:\/\/gradski.me\/en\/wp-json\/wp\/v2\/posts\/963768","targetHints":{"allow":["GET"]}}],"collection":[{"href":"https:\/\/gradski.me\/en\/wp-json\/wp\/v2\/posts"}],"about":[{"href":"https:\/\/gradski.me\/en\/wp-json\/wp\/v2\/types\/post"}],"author":[{"embeddable":true,"href":"https:\/\/gradski.me\/en\/wp-json\/wp\/v2\/users\/8"}],"replies":[{"embeddable":true,"href":"https:\/\/gradski.me\/en\/wp-json\/wp\/v2\/comments?post=963768"}],"version-history":[{"count":1,"href":"https:\/\/gradski.me\/en\/wp-json\/wp\/v2\/posts\/963768\/revisions"}],"predecessor-version":[{"id":963774,"href":"https:\/\/gradski.me\/en\/wp-json\/wp\/v2\/posts\/963768\/revisions\/963774"}],"wp:featuredmedia":[{"embeddable":true,"href":"https:\/\/gradski.me\/en\/wp-json\/wp\/v2\/media\/928982"}],"wp:attachment":[{"href":"https:\/\/gradski.me\/en\/wp-json\/wp\/v2\/media?parent=963768"}],"wp:term":[{"taxonomy":"category","embeddable":true,"href":"https:\/\/gradski.me\/en\/wp-json\/wp\/v2\/categories?post=963768"},{"taxonomy":"post_tag","embeddable":true,"href":"https:\/\/gradski.me\/en\/wp-json\/wp\/v2\/tags?post=963768"},{"taxonomy":"naslovna","embeddable":true,"href":"https:\/\/gradski.me\/en\/wp-json\/wp\/v2\/naslovna?post=963768"}],"curies":[{"name":"wp","href":"https:\/\/api.w.org\/{rel}","templated":true}]}}