{"id":963764,"date":"2026-04-29T13:32:42","date_gmt":"2026-04-29T11:32:42","guid":{"rendered":"https:\/\/gradski.me\/?p=963764"},"modified":"2026-04-29T15:58:27","modified_gmt":"2026-04-29T13:58:27","slug":"ruzic-netacne-su-tvrdnje-kadica-da-fzocg-ne-funkcionise","status":"publish","type":"post","link":"https:\/\/gradski.me\/en\/drustvo\/ruzic-netacne-su-tvrdnje-kadica-da-fzocg-ne-funkcionise\/","title":{"rendered":"Ru\u017ei\u0107: Kadi\u0107's claims that the FZOCG is not functioning are incorrect"},"content":{"rendered":"<p><\/p>\n\n\n\n<p>Ru\u017ei\u0107 je podsjetio da, kako je ve\u0107 saop\u0161teno, postoji neka vrsta pravnih nedoumica zbog presude Upravnog suda.<\/p>\n\n\n\n<p>&#8220; To jest postoje dva validna mandata, a ja o odluci Upravnog suda vijest sam prakti\u010dno primio van zemlje,u \u010detvrtak 23. 04. 2026. godine.  U petak ( 24. 04. 2026.godine ) nisam bio tu kada se desio mogu slobodno re\u0107i &#8222;upad&#8220; grupe ljudi u prostorije Fonda na \u010delu sa Vukom Kadi\u0107em. U tom aktu su se de\u0161avale razne nezakonite stvari&#8220;, kazao je Ru\u017ei\u0107.<\/p>\n\n\n\n<p>U ponedeljak ( 27.04.2026.godine ) kada je bio prvi dan mog boravka u Crnoj Gori, do\u0161ao sam u Fond i u jednom trenutku se sreo sa prethodnim direktorom i njegovim advokatom. Razgovor je bio korektan i slo\u017eili smo se da se obratim UO-u kako bi oni dali stav.U me\u0111uvremenu UO je zakazao sjednicu za 05.05.2026. gdje \u0107e na dnevnom redu biti ova tema. <\/p>\n\n\n\n<p>Dodaje da \u0107e na toj sjednici Upravni Odbor donijeti odre\u0111ene odluke sa kojima \u0107e javnost biti upoznata.<\/p>\n\n\n\n<p>&#8222;Do tada ja kao vd.direktor \u0107u svoj posao obavljati korektno i profesionalno kao i do sada, a sve u funkciji na\u0161ih osiguranika. Dakle, nijedna pravna nedoumica, niti pravni vakum ne smije ugroziti funkcionisanje Fonda za zdravstveno osiguranje Crne Gore, a samim tim i prava na\u0161ih osiguranika. Bitno je napomenuti da do trenutka slanja saop\u0161tenja, jo\u0161 uvijek nismo dobili odluku Upravnog suda Crne Gore&#8220;, kazao je Ru\u017ei\u0107.&nbsp;<\/p>\n\n\n\n<p><\/p>\n\n\n\n<p><\/p>","protected":false},"excerpt":{"rendered":"<p>Radi objektivnog informisanja javnosti smo du\u017eni saop\u0161titi da izjave dr Vuka Kadi\u0107a, koje je dao pojedinim medijima da Fond za zdravstveno osiguranje trenutno ne funkcioni\u0161e, odnosno da je u blokadi, nijesu ta\u010dne, pa \u017eelim da obavijestim na\u0161e osiguranike da se sve ono \u0161to je teku\u0107e i urgentno, a vezano je direktno za ostvarivanje prava osiguranika Fonda sprovodi sasvim normalno bez ikakvih odlaganja, saop\u0161tio je vd direktor FZO Aleksandar Ru\u017ei\u0107.<\/p>","protected":false},"author":5,"featured_media":963780,"comment_status":"open","ping_status":"open","sticky":false,"template":"","format":"standard","meta":{"_acf_changed":false,"footnotes":"","jetpack_publicize_message":"","jetpack_publicize_feature_enabled":true,"jetpack_social_post_already_shared":true,"jetpack_social_options":{"image_generator_settings":{"template":"highway","default_image_id":0,"font":"","enabled":false},"version":2}},"categories":[9],"tags":[11667,4804],"naslovna":[],"class_list":["post-963764","post","type-post","status-publish","format-standard","has-post-thumbnail","hentry","category-drustvo","tag-aleksandar-ruzic","tag-vuk-kadic"],"acf":[],"jetpack_publicize_connections":[],"_links":{"self":[{"href":"https:\/\/gradski.me\/en\/wp-json\/wp\/v2\/posts\/963764","targetHints":{"allow":["GET"]}}],"collection":[{"href":"https:\/\/gradski.me\/en\/wp-json\/wp\/v2\/posts"}],"about":[{"href":"https:\/\/gradski.me\/en\/wp-json\/wp\/v2\/types\/post"}],"author":[{"embeddable":true,"href":"https:\/\/gradski.me\/en\/wp-json\/wp\/v2\/users\/5"}],"replies":[{"embeddable":true,"href":"https:\/\/gradski.me\/en\/wp-json\/wp\/v2\/comments?post=963764"}],"version-history":[{"count":4,"href":"https:\/\/gradski.me\/en\/wp-json\/wp\/v2\/posts\/963764\/revisions"}],"predecessor-version":[{"id":963771,"href":"https:\/\/gradski.me\/en\/wp-json\/wp\/v2\/posts\/963764\/revisions\/963771"}],"wp:featuredmedia":[{"embeddable":true,"href":"https:\/\/gradski.me\/en\/wp-json\/wp\/v2\/media\/963780"}],"wp:attachment":[{"href":"https:\/\/gradski.me\/en\/wp-json\/wp\/v2\/media?parent=963764"}],"wp:term":[{"taxonomy":"category","embeddable":true,"href":"https:\/\/gradski.me\/en\/wp-json\/wp\/v2\/categories?post=963764"},{"taxonomy":"post_tag","embeddable":true,"href":"https:\/\/gradski.me\/en\/wp-json\/wp\/v2\/tags?post=963764"},{"taxonomy":"naslovna","embeddable":true,"href":"https:\/\/gradski.me\/en\/wp-json\/wp\/v2\/naslovna?post=963764"}],"curies":[{"name":"wp","href":"https:\/\/api.w.org\/{rel}","templated":true}]}}