{"id":963742,"date":"2026-04-29T14:14:00","date_gmt":"2026-04-29T12:14:00","guid":{"rendered":"https:\/\/gradski.me\/?p=963742"},"modified":"2026-04-29T13:03:26","modified_gmt":"2026-04-29T11:03:26","slug":"ministarka-pravde-austrije-posjetila-centar-za-zenska-prava-ostvaren-znacajan-napredak-u-drustvenoj-percepciji-nasilja","status":"publish","type":"post","link":"https:\/\/gradski.me\/en\/drustvo\/ministarka-pravde-austrije-posjetila-centar-za-zenska-prava-ostvaren-znacajan-napredak-u-drustvenoj-percepciji-nasilja\/","title":{"rendered":"Montenegro has made progress in combating violence, but child protection remains a challenge"},"content":{"rendered":"<p><\/p>\n\n\n\n<p><\/p>\n\n\n\n<p>Tokom sastanka razgovarano je o unapre\u0111enju za\u0161tite od rodno zasnovanog nasilja, funkcionisanju pravosu\u0111a, kao i o zagovaranju rodne ravnopravnosti u okviru procesa evropske integracije Crne Gore. Poseban fokus bio je i na \u0161irem dru\u0161tvenom uticaju kroz kulturne i javne aktivnosti Centra za \u017eenska prava.<\/p>\n\n\n\n<p>Sagovornice su razmijenile iskustva i primjere dobre prakse iz Austrije, posebno u pogledu visokog nivoa koordinacije sistema za\u0161tite od nasilja. Istaknuti su i pozitivni modeli rada sa po\u010diniocima nasilja, zasnovani na stru\u010dnom i odgovornom pristupu, uz puno razumijevanje kompleksne dinamike nasilja.<\/p>\n\n\n\n<p>U razgovoru je konstatovano da je u Crnoj Gori u protekle dvije decenije ostvaren zna\u010dajan napredak, naro\u010dito u promjeni dru\u0161tvene percepcije nasilja, koje se ranije \u010desto smatralo privatnom stvari. Danas je uo\u010den i proaktivniji pristup tu\u017eila\u0161tva i sudova u ovim predmetima, iako i dalje postoje brojni izazovi. Posebno je nagla\u0161ena potreba za sna\u017enijom za\u0161titom djece, koja su \u010desto \u017ertve ili svjedoci nasilja i zahtijevaju dodatne, specijalizovane mehanizme podr\u0161ke.<\/p>\n\n\n\n<p>Zaklju\u010deno je da su kontinuirana saradnja i razmjena iskustava izme\u0111u dr\u017eava od klju\u010dnog zna\u010daja za dalje unapre\u0111enje sistema za\u0161tite, kao i za izgradnju dru\u0161tva zasnovanog na nultoj toleranciji prema nasilju.<\/p>","protected":false},"excerpt":{"rendered":"<p>Centar za \u017eenska prava imao je zadovoljstvo da ugosti austrijsku delegaciju, predvo\u0111enu ministarkom pravde Anom \u0160porer.<\/p>","protected":false},"author":5,"featured_media":963747,"comment_status":"open","ping_status":"open","sticky":false,"template":"","format":"standard","meta":{"_acf_changed":false,"footnotes":"","jetpack_publicize_message":"","jetpack_publicize_feature_enabled":true,"jetpack_social_post_already_shared":true,"jetpack_social_options":{"image_generator_settings":{"template":"highway","default_image_id":0,"font":"","enabled":false},"version":2}},"categories":[9],"tags":[37,31668,31669],"naslovna":[],"class_list":["post-963742","post","type-post","status-publish","format-standard","has-post-thumbnail","hentry","category-drustvo","tag-austrija","tag-centra-za-zenska-prava","tag-ministarka-pravde"],"acf":[],"jetpack_publicize_connections":[],"_links":{"self":[{"href":"https:\/\/gradski.me\/en\/wp-json\/wp\/v2\/posts\/963742","targetHints":{"allow":["GET"]}}],"collection":[{"href":"https:\/\/gradski.me\/en\/wp-json\/wp\/v2\/posts"}],"about":[{"href":"https:\/\/gradski.me\/en\/wp-json\/wp\/v2\/types\/post"}],"author":[{"embeddable":true,"href":"https:\/\/gradski.me\/en\/wp-json\/wp\/v2\/users\/5"}],"replies":[{"embeddable":true,"href":"https:\/\/gradski.me\/en\/wp-json\/wp\/v2\/comments?post=963742"}],"version-history":[{"count":3,"href":"https:\/\/gradski.me\/en\/wp-json\/wp\/v2\/posts\/963742\/revisions"}],"predecessor-version":[{"id":963751,"href":"https:\/\/gradski.me\/en\/wp-json\/wp\/v2\/posts\/963742\/revisions\/963751"}],"wp:featuredmedia":[{"embeddable":true,"href":"https:\/\/gradski.me\/en\/wp-json\/wp\/v2\/media\/963747"}],"wp:attachment":[{"href":"https:\/\/gradski.me\/en\/wp-json\/wp\/v2\/media?parent=963742"}],"wp:term":[{"taxonomy":"category","embeddable":true,"href":"https:\/\/gradski.me\/en\/wp-json\/wp\/v2\/categories?post=963742"},{"taxonomy":"post_tag","embeddable":true,"href":"https:\/\/gradski.me\/en\/wp-json\/wp\/v2\/tags?post=963742"},{"taxonomy":"naslovna","embeddable":true,"href":"https:\/\/gradski.me\/en\/wp-json\/wp\/v2\/naslovna?post=963742"}],"curies":[{"name":"wp","href":"https:\/\/api.w.org\/{rel}","templated":true}]}}