{"id":963740,"date":"2026-04-29T12:51:50","date_gmt":"2026-04-29T10:51:50","guid":{"rendered":"https:\/\/gradski.me\/?p=963740"},"modified":"2026-04-29T12:52:49","modified_gmt":"2026-04-29T10:52:49","slug":"vozac-skolskog-autobusa-pod-dejstvom-alkohola-iskljucen-iz-saobracaja","status":"publish","type":"post","link":"https:\/\/gradski.me\/en\/hronika\/vozac-skolskog-autobusa-pod-dejstvom-alkohola-iskljucen-iz-saobracaja\/","title":{"rendered":"School bus driver under the influence of alcohol suspended from traffic"},"content":{"rendered":"<p><\/p>\n\n\n\n<p>Kako navode, Ove aktivnosti podrazumijevaju poja\u010dane kontrole voza\u010da, tehni\u010dke ispravnosti vozila, kao i prisustvo policijskih slu\u017ebenika u blizini obrazovnih ustanova, kako bi se preventivno djelovalo i sprije\u010dile situacije rizi\u010dne po bezbjednost djece.<\/p>\n\n\n\n<p>&#8222;U okviru navedenih aktivnosti, policijski slu\u017ebenici saobra\u0107ajne policije Odjeljenja bezbjednosti Podgorica, imaju\u0107i u vidu pove\u0107an rizik i odgovornost koju izme\u0111u ostalog nosi organizovani prevoz djece, sproveli su ciljanu kontrolu ispred jedne osnovne \u0161kole u Podgorici, kojom prilikom je izvr\u0161eno alkotestiranje voza\u010da autobusa anga\u017eovanog za prevoz u\u010denika od strane \u0161kole, a u vlasni\u0161tvu turisti\u010dke agencije sa sjedi\u0161tem u Budvi.<\/p>\n\n\n\n<p>Kontrolom je utvr\u0111eno da je voza\u010d autobusa &#8211; M.R. (33) upravljao vozilom pod dejstvom alkohola, pri \u010demu mu je izmjerena nedozvoljena koncentracija alkohola u organizmu. Imenovani je odmah isklju\u010den iz saobra\u0107aja, nakon \u010dega je organizovani prevoz djece preuzeo drugi voza\u010d, \u010dime je sprije\u010dena potencijalno rizi\u010dna situacija.<\/p>\n\n\n\n<p>Policijski slu\u017ebenici \u0107e i u narednom periodu, koriste\u0107i sve raspolo\u017eive kapacitete, nastaviti sa poja\u010danim kontrolama i preventivnim aktivnostima, kako bi se sprije\u010dile saobra\u0107ajne nezgode sa najte\u017eim posljedicama i dodatno unaprijedila bezbjednost svih u\u010desnika u saobra\u0107aju, a posebno djece&#8220;, navodi se u saop\u0161tenju.<\/p>","protected":false},"excerpt":{"rendered":"<p>Policijski slu\u017ebenici Odjeljenja bezbjednosti Podgorica u kontinuitetu sprovode aktivnosti preventivnog karaktera, sa ciljem unapre\u0111enja bezbjednosti svih u\u010desnika u saobra\u0107aju, sa posebnim akcentom na za\u0161titu najmla\u0111ih i pove\u0107anje sigurnosti djece u zonama \u0161kola i vrti\u0107a, saop\u0161teno je iz Uprave policije.<\/p>","protected":false},"author":7,"featured_media":950242,"comment_status":"open","ping_status":"open","sticky":false,"template":"","format":"standard","meta":{"_acf_changed":false,"footnotes":"","jetpack_publicize_message":"","jetpack_publicize_feature_enabled":true,"jetpack_social_post_already_shared":true,"jetpack_social_options":{"image_generator_settings":{"template":"highway","default_image_id":0,"font":"","enabled":false},"version":2}},"categories":[10],"tags":[3139,174,3979],"naslovna":[908],"class_list":["post-963740","post","type-post","status-publish","format-standard","has-post-thumbnail","hentry","category-hronika","tag-autobus","tag-policija","tag-vozaci","naslovna-izdvajamo"],"acf":[],"jetpack_publicize_connections":[],"_links":{"self":[{"href":"https:\/\/gradski.me\/en\/wp-json\/wp\/v2\/posts\/963740","targetHints":{"allow":["GET"]}}],"collection":[{"href":"https:\/\/gradski.me\/en\/wp-json\/wp\/v2\/posts"}],"about":[{"href":"https:\/\/gradski.me\/en\/wp-json\/wp\/v2\/types\/post"}],"author":[{"embeddable":true,"href":"https:\/\/gradski.me\/en\/wp-json\/wp\/v2\/users\/7"}],"replies":[{"embeddable":true,"href":"https:\/\/gradski.me\/en\/wp-json\/wp\/v2\/comments?post=963740"}],"version-history":[{"count":1,"href":"https:\/\/gradski.me\/en\/wp-json\/wp\/v2\/posts\/963740\/revisions"}],"predecessor-version":[{"id":963741,"href":"https:\/\/gradski.me\/en\/wp-json\/wp\/v2\/posts\/963740\/revisions\/963741"}],"wp:featuredmedia":[{"embeddable":true,"href":"https:\/\/gradski.me\/en\/wp-json\/wp\/v2\/media\/950242"}],"wp:attachment":[{"href":"https:\/\/gradski.me\/en\/wp-json\/wp\/v2\/media?parent=963740"}],"wp:term":[{"taxonomy":"category","embeddable":true,"href":"https:\/\/gradski.me\/en\/wp-json\/wp\/v2\/categories?post=963740"},{"taxonomy":"post_tag","embeddable":true,"href":"https:\/\/gradski.me\/en\/wp-json\/wp\/v2\/tags?post=963740"},{"taxonomy":"naslovna","embeddable":true,"href":"https:\/\/gradski.me\/en\/wp-json\/wp\/v2\/naslovna?post=963740"}],"curies":[{"name":"wp","href":"https:\/\/api.w.org\/{rel}","templated":true}]}}