{"id":963720,"date":"2026-04-29T12:19:00","date_gmt":"2026-04-29T10:19:00","guid":{"rendered":"https:\/\/gradski.me\/?p=963720"},"modified":"2026-04-29T12:16:40","modified_gmt":"2026-04-29T10:16:40","slug":"svjetska-banka-snizila-procjenu-rasta-crnogorske-ekonomije-za-ovu-godinu-jacanje-u-narednoj","status":"publish","type":"post","link":"https:\/\/gradski.me\/en\/ekonomija\/svjetska-banka-snizila-procjenu-rasta-crnogorske-ekonomije-za-ovu-godinu-jacanje-u-narednoj\/","title":{"rendered":"Svjetska banka snizila procjenu rasta crnogorske ekonomije za ovu godinu, ja\u010danje u narednoj"},"content":{"rendered":"<p><\/p>\n\n\n\n<p>SB je u najnovijim prognozama procijenila da bi crnogorska ekonomija u narednoj godini trebalo da oja\u010da 3,1 odsto, \u0161to je 0,1 procentni poen manje u odnosu na jesenje projekcije.<\/p>\n\n\n\n<p>SB predvi\u0111a da \u0107e crnogorska privreda u 2028. porasti 3,1 odsto.<\/p>\n\n\n\n<figure class=\"wp-block-image\"><img decoding=\"async\" src=\"https:\/\/mina.news\/articles\/images\/sbsnizilaprocjenurastacrnogorskeekonomijezaovugodinu\/28O8g2p6V\/large.webp?use_watermark=0\" alt=\"\" title=\"prognoze\"><\/figure>\n\n\n\n<p>SB je u Redovnom ekonomskom izvje\u0161taju za Zapadni Balkan, u posebnom odjeljku koji se odnose na Crnu Goru, navela da je rast usporio na 2,7 odsto u pro\u0161loj godini, kao rezultat ni\u017ee proizvodnje elektri\u010dne energije i umjerenije turisti\u010dke aktivnosti.<\/p>\n\n\n\n<p>\u201cFiskalni deficit je porastao sa 3,3 na 4,3 odsto BDP-a u pro\u0161loj godini, \u0161to ograni\u010dava fiskalni prostor i uve\u0107ava potrebe za finansiranjem\u201d, navodi se u izvje\u0161taju.<\/p>\n\n\n\n<p>Kako napreduje pristupanje Evropskoj uniji, ja\u010danje fiskalne discipline i obnova fiskalnih rezervi, kako ocjenjuju u SB, bi\u0107e od klju\u010dnog zna\u010daja za o\u010duvanje makroekonomske stabilnosti i ostvarivanje odr\u017eivog rasta.<\/p>\n\n\n\n<p>\u201cMala, visoko otvorena i euroizovana ekonomija Crne Gore je izrazito ranjiva na spoljne \u0161okove. U pro\u0161loj godini zabilje\u017eeno je usporavanje rasta i rast fiskalnih pritisaka. Ekonomski rast iznosio je 2,7 odsto, usljed slabijeg neto izvoza, dok je inflacija bila vi\u0161a od o\u010dekivane. Fiskalni prostor ostaje ograni\u010den, uz stabilan javni dug na nivou od oko 64 odsto BDP-a\u201d, rekli su iz SB.<\/p>\n\n\n\n<p>Pristupanje Evropskoj uniji ostaje glavni pokreta\u010d ekonomskih politika.<\/p>\n\n\n\n<p>Reforme su doprinijele rastu dohodaka doma\u0107instava i pove\u0107anju formalne zaposlenosti, ali su, u uslovima usporavanja rasta, dodatno poja\u010dale fiskalne pritiske i doprinijele pove\u0107anju fiskalnog deficita u pro\u0161loj godini.&nbsp;<\/p>\n\n\n\n<p>\u201cO\u010dekuje se da \u0107e ekonomski rast u periodu od ove do 2028. u prosjeku iznositi oko tri odsto godi\u0161nje, prvenstveno podstaknut doma\u0107om tra\u017enjom. Potro\u0161nja doma\u0107instava, turizam i kapitalne investicije nastavi\u0107e da podr\u017eavaju ekonomsku aktivnost, ali \u0107e visok deficit teku\u0107eg ra\u010duna, oslanjanje na eksterno finansiranje i prisutni inflatorni rizici zahtijevati o\u010duvanje fiskalne odr\u017eivosti i ja\u010danje upravljanja rizicima\u201d, dodali su iz SB.<\/p>\n\n\n\n<p>U izvje\u0161taju SB se navodi da \u0107e ekonomski rast zemalja Zapadnog Balkana ostati prigu\u0161en tokom ove i naredne godine, pod uticajem prelivanja posljedica konflikta na Bliskom Istoku, uporne inflacije i produbljene neizvjesnosti.<\/p>\n\n\n\n<p>\u201cDa bi se zadr\u017eao zamah reformi u zemljama regiona koje se suo\u010davaju sa manjkom radne snage, pove\u0107anje u\u010de\u0161\u0107a stanovni\u0161tva na tr\u017ei\u0161tu rada \u0107e biti od klju\u010dnog zna\u010daja\u201d, pokazuju procjene u danas objavljenom izvje\u0161taju Grupacije Svjetske banke.<\/p>\n\n\n\n<p>Prognoze iz Redovnog ekonomskog izvje\u0161taja za Zapadni Balkan pokazuju da \u0107e kombinovani ekonomski rast Albanije, Bosne i Hercegovine, Crne Gore, Kosova, Sjeverne Makedonije i Srbije dosti\u0107i 2,8 odsto u ovoj godini \u0161to je 0,3 procentna poena ispod prethodnih projekcija. O\u010dekuje se skromno ubrzanje rasta na 3,2 odsto u narednoj godini.<\/p>\n\n\n\n<p>Direktorica Svjetske banke za Zapadni Balkan, Xiaoqing Yu, rekla je da globalna neizvjesnost i geopoliti\u010dke tenzije obuzdavaju rast na Zapadnom Balkanu, a rastu\u0107e cijene predstavljaju direktan udar na nov\u010danike gra\u0111ana.<\/p>\n\n\n\n<p>\u201eI dok kreatori politika koriste kratkoro\u010dne fiskalne mjere da suzbiju efekte ovih pritisaka na doma\u0107instva i preduze\u0107a, na\u0161 izvje\u0161taj pokazuje da su radna mjesta klju\u010d za dugoro\u010dni ekonomski napredak. Zapadni Balkan ima veliki izvor neiskori\u0161\u0107enih talenata \u2013 \u017eene, mlade i druge koji \u017eele da rade, ali su suo\u010deni sa realnim preprekama. Njihovo uklju\u010divanje u radnu snagu jedan je od najefikasnijih koraka koje region mo\u017ee da preduzme i oja\u010da svoju ekonomiju\u201c, smatra Xiaoqing.<\/p>\n\n\n\n<p>Stanovni\u0161tvo Zapadnog Balkana, prema tom izvje\u0161taju, stari br\u017ee nego bilo gdje u Evropi. Tokom naredne decenije najmanje jedna od pet osoba u regionu bi\u0107e starija od 65 godina. U me\u0111uvremenu, radno aktivno stanovni\u0161tvo, uklju\u010duju\u0107i i fakultetski obrazovane i fizi\u010dke radnike, u potrazi je za boljim platama i perspektivama u inostranstvu.<\/p>\n\n\n\n<p>\u201cParadoks je da se nesta\u0161ica radne snage osje\u0107a u klju\u010dnim sektorima, iako je mnogo ljudi isklju\u010deno iz radne snage ili su jednostavno odustali od tra\u017eenja posla\u201d, navodi se u izvje\u0161taju.<\/p>\n\n\n\n<p>Izvje\u0161taj ukazuje i na nedovoljno iskori\u0161\u0107en kapital: \u017eene, mlade i ostale koji \u017eele da rade, ali se suo\u010davaju sa preprekama za ulazak na tr\u017ei\u0161te rada. Ukoliko bi stopa u\u010de\u0161\u0107a radne snage bila ista kao u uporedivim zemljama Evropske unije, to bi zna\u010dilo dodatnih 2,8 miliona raspolo\u017eivih radno sposobnih stanovnika. Samim uklju\u010divanjem vi\u0161e \u017eena u radnu snagu godi\u0161nje stope rasta porasle bi 0,35 procentnih poena.<\/p>\n\n\n\n<p>Rad bi, prema navodima izvje\u0161taja, trebalo u\u010diniti atraktivnijim izborom \u2013 po\u010dev\u0161i od poreskih i propisa o socijalnim beneficijama, zbog kojih je u mnogo slu\u010dajeva ostanak kod ku\u0107e finansijski sigurniji izbor.<\/p>\n\n\n\n<p>\u201cU ve\u0107ini zemalja Zapadnog Balkana, na primjer, prijavljivanje bilo kakvog prihoda od rada istovremeno diskvalifikuje pojedince iz programa beneficija za siroma\u0161ne, \u010dine\u0107i zaposlenje finansijskim rizikom umjesto nagradom. Tako\u0111e se isti\u010de i potreba za priu\u0161tivom njegom djece i starih, boljim obukama za rad, kao i radnim mjestima koja nude realnu fleksibilnost i adekvatne uslove rada, uklju\u010duju\u0107i i za online radnike\u201d, dodaje se u izvje\u0161taju.<\/p>","protected":false},"excerpt":{"rendered":"<p>Svjetska banka (SB) snizila je projekciju rasta crnogorske ekonomije u ovoj godini 0,3 procentna poena na 2,9 odsto.<\/p>","protected":false},"author":8,"featured_media":947853,"comment_status":"open","ping_status":"open","sticky":false,"template":"","format":"standard","meta":{"_acf_changed":false,"footnotes":"","jetpack_publicize_message":"","jetpack_publicize_feature_enabled":true,"jetpack_social_post_already_shared":true,"jetpack_social_options":{"image_generator_settings":{"template":"highway","default_image_id":0,"font":"","enabled":false},"version":2}},"categories":[8],"tags":[31659,5296],"naslovna":[908],"class_list":["post-963720","post","type-post","status-publish","format-standard","has-post-thumbnail","hentry","category-ekonomija","tag-procjena-rasta-ekonomije","tag-svjetska-banka","naslovna-izdvajamo"],"acf":[],"jetpack_publicize_connections":[],"_links":{"self":[{"href":"https:\/\/gradski.me\/en\/wp-json\/wp\/v2\/posts\/963720","targetHints":{"allow":["GET"]}}],"collection":[{"href":"https:\/\/gradski.me\/en\/wp-json\/wp\/v2\/posts"}],"about":[{"href":"https:\/\/gradski.me\/en\/wp-json\/wp\/v2\/types\/post"}],"author":[{"embeddable":true,"href":"https:\/\/gradski.me\/en\/wp-json\/wp\/v2\/users\/8"}],"replies":[{"embeddable":true,"href":"https:\/\/gradski.me\/en\/wp-json\/wp\/v2\/comments?post=963720"}],"version-history":[{"count":1,"href":"https:\/\/gradski.me\/en\/wp-json\/wp\/v2\/posts\/963720\/revisions"}],"predecessor-version":[{"id":963721,"href":"https:\/\/gradski.me\/en\/wp-json\/wp\/v2\/posts\/963720\/revisions\/963721"}],"wp:featuredmedia":[{"embeddable":true,"href":"https:\/\/gradski.me\/en\/wp-json\/wp\/v2\/media\/947853"}],"wp:attachment":[{"href":"https:\/\/gradski.me\/en\/wp-json\/wp\/v2\/media?parent=963720"}],"wp:term":[{"taxonomy":"category","embeddable":true,"href":"https:\/\/gradski.me\/en\/wp-json\/wp\/v2\/categories?post=963720"},{"taxonomy":"post_tag","embeddable":true,"href":"https:\/\/gradski.me\/en\/wp-json\/wp\/v2\/tags?post=963720"},{"taxonomy":"naslovna","embeddable":true,"href":"https:\/\/gradski.me\/en\/wp-json\/wp\/v2\/naslovna?post=963720"}],"curies":[{"name":"wp","href":"https:\/\/api.w.org\/{rel}","templated":true}]}}