{"id":963714,"date":"2026-04-29T12:43:00","date_gmt":"2026-04-29T10:43:00","guid":{"rendered":"https:\/\/gradski.me\/?p=963714"},"modified":"2026-04-29T11:55:16","modified_gmt":"2026-04-29T09:55:16","slug":"camaj-rzajev-veoma-vazno-uspostavljanje-redovnih-avio-linija-izmedju-podgorice-i-bakua","status":"publish","type":"post","link":"https:\/\/gradski.me\/en\/politika\/camaj-rzajev-veoma-vazno-uspostavljanje-redovnih-avio-linija-izmedju-podgorice-i-bakua\/","title":{"rendered":"Camaj &#8211; Rzajev: Veoma va\u017eno uspostavljanje redovnih avio-linija izme\u0111u Podgorice i Bakua"},"content":{"rendered":"<p><\/p>\n\n\n\n<p>Potpredsjednik Camaj posebno je potencirao zna\u010daj ekonomske saradnje, sa akcentom na razvoj turisti\u010dkih veza izme\u0111u dvije dr\u017eave. U tom kontekstu, ukazao je i na va\u017enost uspostavljanja redovnih avio-linija izme\u0111u glavnih gradova, kao i na ja\u010danje parlamentarne saradnje kroz intenziviranje rada grupa prijateljstva i u\u010destalije me\u0111usobne susrete.<\/p>\n\n\n\n<p>Zamjenik ministra Fariz Rzajev zahvalio je na prijemu, isti\u010du\u0107i da Azerbejd\u017ean pridaje veliki zna\u010daj razvoju ekonomske saradnje sa Crnom Gorom, naro\u010dito u oblasti turizma i investicija.<\/p>\n\n\n\n<p>Sagovornici su se saglasili da pitanje viznih re\u017eima za dr\u017eavljane Azerbejd\u017ean predstavlja izazov u daljem unapre\u0111enju odnosa, te da je neophodno nastaviti dijalog u cilju pronala\u017eenja adekvatnih rje\u0161enja.<\/p>\n\n\n\n<p>Na sastanku je istaknuto da je izme\u0111u prijateljskih dr\u017eava i naroda od posebnog zna\u010daja voditi otvoren i iskren dijalog, kao osnov za dalje ja\u010danje me\u0111usobnog povjerenja i saradnje.<\/p>\n\n\n\n<p>Sastanak je zaklju\u010den uz obostranu spremnost za intenziviranje kontakata i konkretizaciju dogovorenih inicijativa u cilju daljeg ja\u010danja ukupnih odnosa izme\u0111u Crne Gore i Azerbejd\u017ean.<\/p>","protected":false},"excerpt":{"rendered":"<p>Potpredsjednik Skup\u0161tine Crne Gore Nikola Camaj primio je zamjenika ministra vanjskih poslova Republike Azerbejd\u017ean, Fariza Rzajeva, sa kojim je razgovarao o mogu\u0107nostima daljeg unapre\u0111enja bilateralne saradnje.<\/p>","protected":false},"author":8,"featured_media":963715,"comment_status":"open","ping_status":"open","sticky":false,"template":"","format":"standard","meta":{"_acf_changed":false,"footnotes":"","jetpack_publicize_message":"","jetpack_publicize_feature_enabled":true,"jetpack_social_post_already_shared":true,"jetpack_social_options":{"image_generator_settings":{"template":"highway","default_image_id":0,"font":"","enabled":false},"version":2}},"categories":[7],"tags":[12237,6081],"naslovna":[],"class_list":["post-963714","post","type-post","status-publish","format-standard","has-post-thumbnail","hentry","category-politika","tag-azerbejdzan","tag-nikola-camaj"],"acf":[],"jetpack_publicize_connections":[],"_links":{"self":[{"href":"https:\/\/gradski.me\/en\/wp-json\/wp\/v2\/posts\/963714","targetHints":{"allow":["GET"]}}],"collection":[{"href":"https:\/\/gradski.me\/en\/wp-json\/wp\/v2\/posts"}],"about":[{"href":"https:\/\/gradski.me\/en\/wp-json\/wp\/v2\/types\/post"}],"author":[{"embeddable":true,"href":"https:\/\/gradski.me\/en\/wp-json\/wp\/v2\/users\/8"}],"replies":[{"embeddable":true,"href":"https:\/\/gradski.me\/en\/wp-json\/wp\/v2\/comments?post=963714"}],"version-history":[{"count":1,"href":"https:\/\/gradski.me\/en\/wp-json\/wp\/v2\/posts\/963714\/revisions"}],"predecessor-version":[{"id":963716,"href":"https:\/\/gradski.me\/en\/wp-json\/wp\/v2\/posts\/963714\/revisions\/963716"}],"wp:featuredmedia":[{"embeddable":true,"href":"https:\/\/gradski.me\/en\/wp-json\/wp\/v2\/media\/963715"}],"wp:attachment":[{"href":"https:\/\/gradski.me\/en\/wp-json\/wp\/v2\/media?parent=963714"}],"wp:term":[{"taxonomy":"category","embeddable":true,"href":"https:\/\/gradski.me\/en\/wp-json\/wp\/v2\/categories?post=963714"},{"taxonomy":"post_tag","embeddable":true,"href":"https:\/\/gradski.me\/en\/wp-json\/wp\/v2\/tags?post=963714"},{"taxonomy":"naslovna","embeddable":true,"href":"https:\/\/gradski.me\/en\/wp-json\/wp\/v2\/naslovna?post=963714"}],"curies":[{"name":"wp","href":"https:\/\/api.w.org\/{rel}","templated":true}]}}