{"id":963684,"date":"2026-04-29T11:16:00","date_gmt":"2026-04-29T09:16:00","guid":{"rendered":"https:\/\/gradski.me\/?p=963684"},"modified":"2026-04-29T11:12:56","modified_gmt":"2026-04-29T09:12:56","slug":"veceras-u-nb-radosav-ljumovic-vece-ljubavne-poezije","status":"publish","type":"post","link":"https:\/\/gradski.me\/en\/drustvo\/veceras-u-nb-radosav-ljumovic-vece-ljubavne-poezije\/","title":{"rendered":"Ve\u010deras u NB &#8222;Radosav Ljumovi\u0107&#8220; ve\u010de ljubavne poezije"},"content":{"rendered":"<p><\/p>\n\n\n\n<p>Moderatorka ve\u010deri bi\u0107e pjesnikinja iz Podgorice Ana \u0110urovi\u0107, koja je najavila da se ovakvo Ve\u010de odr\u017eava upravo zato \u0161to: \u201eljubavna poezija danas, mo\u017eda vi\u0161e nego ikad, predstavlja ostrvo s blagom u moru prozai\u010dnih dru\u0161tvenih i politi\u010dkih zbivanja\u201c. Njena poruka je da bi ovakve knji\u017eevne ve\u010deri, kao svojevrsnu poruku, u dana\u0161njem trenutku trebalo organizovati u svim gradovima Crne Gore, tim prije \u0161to: \u201eu sjenci dru\u0161tvenih doga\u0111anja ljubavna poezija opstaje i uvijek podsjeti na ono najva\u017enije: da bez ljubavi nema istinske sre\u0107e postojanja\u201c.<\/p>","protected":false},"excerpt":{"rendered":"<p>U organizaciji Narodne biblioteke \u201eRadosav Ljumovi\u0107\u201c u Podgorici, ve\u010deras \u0107e u velikoj sali \u201eMarko Miljanov\u201c u 19 \u010dasova biti odr\u017eano Ve\u010de ljubavne poezije, na kojem \u0107e svoje stihove govoriti pjesnikinje i pjesnici: Milica Kralj, Perivoje Popovi\u0107, Milica Bakra\u010d, Marina Koprivica, Bojan Rajevi\u0107, An\u0111elina Joki\u0107, Danijela \u0160undi\u0107 i Darko Buli\u0107.<\/p>","protected":false},"author":7,"featured_media":963685,"comment_status":"open","ping_status":"open","sticky":false,"template":"","format":"standard","meta":{"_acf_changed":false,"footnotes":"","jetpack_publicize_message":"","jetpack_publicize_feature_enabled":true,"jetpack_social_post_already_shared":true,"jetpack_social_options":{"image_generator_settings":{"template":"highway","default_image_id":0,"font":"","enabled":false},"version":2}},"categories":[9],"tags":[31654,8712],"naslovna":[],"class_list":["post-963684","post","type-post","status-publish","format-standard","has-post-thumbnail","hentry","category-drustvo","tag-biblioetal","tag-poezija"],"acf":[],"jetpack_publicize_connections":[],"_links":{"self":[{"href":"https:\/\/gradski.me\/en\/wp-json\/wp\/v2\/posts\/963684","targetHints":{"allow":["GET"]}}],"collection":[{"href":"https:\/\/gradski.me\/en\/wp-json\/wp\/v2\/posts"}],"about":[{"href":"https:\/\/gradski.me\/en\/wp-json\/wp\/v2\/types\/post"}],"author":[{"embeddable":true,"href":"https:\/\/gradski.me\/en\/wp-json\/wp\/v2\/users\/7"}],"replies":[{"embeddable":true,"href":"https:\/\/gradski.me\/en\/wp-json\/wp\/v2\/comments?post=963684"}],"version-history":[{"count":1,"href":"https:\/\/gradski.me\/en\/wp-json\/wp\/v2\/posts\/963684\/revisions"}],"predecessor-version":[{"id":963686,"href":"https:\/\/gradski.me\/en\/wp-json\/wp\/v2\/posts\/963684\/revisions\/963686"}],"wp:featuredmedia":[{"embeddable":true,"href":"https:\/\/gradski.me\/en\/wp-json\/wp\/v2\/media\/963685"}],"wp:attachment":[{"href":"https:\/\/gradski.me\/en\/wp-json\/wp\/v2\/media?parent=963684"}],"wp:term":[{"taxonomy":"category","embeddable":true,"href":"https:\/\/gradski.me\/en\/wp-json\/wp\/v2\/categories?post=963684"},{"taxonomy":"post_tag","embeddable":true,"href":"https:\/\/gradski.me\/en\/wp-json\/wp\/v2\/tags?post=963684"},{"taxonomy":"naslovna","embeddable":true,"href":"https:\/\/gradski.me\/en\/wp-json\/wp\/v2\/naslovna?post=963684"}],"curies":[{"name":"wp","href":"https:\/\/api.w.org\/{rel}","templated":true}]}}