{"id":963674,"date":"2026-04-29T20:10:00","date_gmt":"2026-04-29T18:10:00","guid":{"rendered":"https:\/\/gradski.me\/?p=963674"},"modified":"2026-04-29T21:09:20","modified_gmt":"2026-04-29T19:09:20","slug":"jovanovic-od-prvog-dana-znamo-da-je-na-duska-pucano-iz-dva-oruzja","status":"publish","type":"post","link":"https:\/\/gradski.me\/en\/hronika\/jovanovic-od-prvog-dana-znamo-da-je-na-duska-pucano-iz-dva-oruzja\/","title":{"rendered":"Jovanovi\u0107: We have known from day one that Du\u0161ko was shot with two weapons"},"content":{"rendered":"<p><\/p>\n\n\n\n<p><\/p>\n\n\n\n<p>On je izjavio da nije siguran da je Crna Gora ja\u010da od mafije koja stoji iza ubistva njegovog brata ali i drugih stvari koje ovoj dr\u017eavi ne daju da ide naprijed kako bi trebalo.<\/p>\n\n\n\n<p>\u201eNadam se da \u0107e slu\u010daj dobiti sudski epilog. Trudio sam se da ne budem uvijek protivan onima koji to treba da rije\u0161e. U zadnje vrijeme potenciram da se uzdam u Evropu. Odre\u0111en pritisak sa te strane postoji, nije veliki ali postoji. Vjerujem da \u0107e se on intezivirati. Pouzdano znam da je slu\u010daj policijski rije\u0161en, \u010dak i da su policajci koji su to odradili popili u jednom kafi\u0107u 3-4 boce viskija slave\u0107i to. Ali, kad se saznalo ko je nalogodavac stiglo je nare\u0111enje od vlasti da se taj slu\u010daj ne smije dovesti do kraja. Od onih struktura, koje su i naredile da on bude likvidiran, sve je stopirano\u201c, prokomentarisao je Jovanovi\u0107.<\/p>\n\n\n\n<p>On je podsjetio na pri\u010de o navodno izgubljenoj slu\u017ebenoj zabilje\u0161ci sa prvog saslu\u0161anja Damira Mandi\u0107a u kojoj je navedeno ko je i sa kakvom ulogom u\u010destvovao u atentatu.<\/p>\n\n\n\n<p>\u201eNije ta\u010dno da je ona izgubljena. Svaki dokumenat postoji kod mene pa i zabilje\u0161ka. Ona nije potpisana jer je neko te no\u0107i rekao da de\u017eurni tu\u017eilac spava. Ali to \u0161to je bez potpisa je neka te\u017eina, re\u010deno je ne\u0161to. Re\u010deno je sve. Tada se vidjelo do koga to sve ide. Dozvoljeno je da kola iz kojih je pucano na Du\u0161ka nestanu, a oni koji su to u\u010dinili su oti\u0161l kod onoga ko je to sve isplatio\u201c, kazao je Jovanovi\u0107.<\/p>\n\n\n\n<p>On je naglasio da dnevni list Dan nije nakon ubistva nijednom re\u010denicom doprinio u prvcu rje\u0161enja zlo\u010dina.<\/p>\n\n\n\n<p>\u201eNijednom jedinom re\u010denicom, list kojeg je Du\u0161ko osnovao nije doprinio rasvjetljavanju ubistva. Mi, Du\u0161kova porodica, znamo da je za njegovo ubistvo bilo vi\u0161e motiva. \u010cinjenica da ja 22 godine nisam u\u0161ao u Dan mo\u017eda sama po sebi ne\u0161to govori. Ko ho\u0107e ozbiljno da shvati. Da ne elaboriram du\u017ee od toga \u2013 oni su prenosili samo ono \u0161to su \u201enalazili\u201c u MUP-u, \u0161to smo donosili mi, tu\u017eilac\u2026 \u201e, poru\u010dio je Jovanovi\u0107.<\/p>\n\n\n\n<p>Govore\u0107i o tentatu, on je kazao da je u vrijeme kada je izvr\u0161en postojalo desetak ljudi koji su radili takve stvari.<\/p>\n\n\n\n<p>\u201eU to vrijeme postojalo je desetak ljudi koji su te stvri obavljali za nekoga ko im plati, a posebno za vlast koja ih je formirala u tom momentu i koja je sa\u010duvala njihova bogatstva. Sad je druga stvar, formirali su se klanovi ali oni su i nastali iz tog nukleusa, od tih desetak ljudi koji su se mo\u017eda i me\u0111usobno istrebljivali\u201c, objasnio je Jovanovi\u0107 dodaju\u0107i da je \u201epola svjedoka s su\u0111enj treblo da bude uhap\u0161eno.<\/p>\n\n\n\n<p>\u201eTrebali su sa su\u0111enja da idu u zatvor. Odmah nakon svjedo\u010denja! Ali kako kad te kadija tu\u017ei i kadija ti sudi. Mnogi od tih svjedoka su direktno u\u010destvovali u ubistvu i trebali da direktno idu u zatvor. Ali i mnogi koji su ih \u0161titili. To je bila orkestrirana grupa koja je \u0161titila jedna drugog a lako im je bilo kad je nalogodavac bio toliko jak\u201c, naglasio je Jovanovi\u0107 i potom dodao: \u201eZaslu\u017eili ste da u ovoj emisiji ka\u017eem ne\u0161to \u010dime \u0107u pomo\u0107i istragu. Mi znamo od prvog dana da na Du\u0161ko nije pucano iz golfa, ali i da je ubijen iz dva oru\u017eja. Doktor Filipovi\u0107 koji je poku\u0161ao da mu spasi \u017eivot donio mi je metak koji je iz potpuno drugog oru\u017eja od onog za koje se zna da je kori\u0161\u0107eno u atentatu, a koji je bio zaprvo \u201eovjeravanje\u201c ubistva. U tom pravcu ako ho\u0107e da krenu, lako je znati ko je taj ko je ispalio taj metak\u201c, ispri\u010dao je Jovanovi\u0107 nakon \u010dega se voditelj nadovezao saop\u0161tavaju\u0107i inicijale tog lica \u2013 I.D.<\/p>\n\n\n\n<p>\u201eRazre\u0161enje ubistva ne mo\u017ee do kraja biti ako put prema dnevnom listu Dan ne bude \u010dist, ako i tu ne budu pretresene neke stvari. Pouzdano znam da je te no\u0107i, osoba koja je poslije dobijala ko zna koliko plata, poslije atentata pozvala nekog od izvr\u0161ilaca i nakon toga izvadila SIM karticu iz telefona i bacila je. \u010cudi me \u0161to je Du\u0161ko i toliko bio \u017eiv ko je sve oko njega bio. Ove sam rije\u010di i njemu govorio. I on je sumnjao, u mnoge. To je i logi\u010dno da dr\u017eava kojoj je trn u oku po\u0161alje nekoga da ga kontroli\u0161e. Tako su i u Danu bili mnogi u koje je on sumnjao i koje je mijenjao kad ih je prepoznavao\u201c, ispri\u010dao je Jovanovi\u0107.<\/p>\n\n\n\n<p>On je prokomentrisao i da sa jednim svjedokom koji vi\u0161e nije \u017eiv, nije govorio 22 godine, jer nije htio da ka\u017ee ni rije\u010d o onom \u0161to je mogao da vidi neposredno nakon atentata.<\/p>\n\n\n\n<p>\u201eRekao sam ovo i dok je bio \u017eiv, da je pod stare dane trebao da upi\u0161e atletiku jer je on dok je Du\u0161ko pre\u0161ao ulicu pre\u0161ao preko 100 metara. To je ovjek kojeg je Du\u0161ko zaposlio i dvije njegove \u0107erke. Ni\u0161ta nije htio da ka\u017ee. Rije\u010d je o Be\u0107irovi\u0107u. Sve sam mu rekao \u0161to sam mislio li\u010dno, i nisam htio s njim da prozborim ni rije\u010d. Danas je istraga toliko napredovala da se zna da Du\u0161ko nije ubijen iz golfa ve\u0107 je on trebao samo da se zapali\u201c, ispri\u010dao je Jovanovi\u0107.<\/p>\n\n\n\n<p>Jovanovi\u0107 je podsjetio da je dugo pominjao datum koji smatra mnogo va\u017enim, kada je dogovoreno da se krene u kupovnu golfa, koji je ozn\u010dio kao formlni po\u010detak organizacje atentata. Na opasku voditelja da li se radi o februaru 2004. Jovanovi\u0107 je odgovorio potvrdno.<\/p>\n\n\n\n<p>\u201eTo je datum koji je za mene najva\u017eniji. Toga dana je poznato lice sa poznatog telefona zvalo tri puta tra\u017ee\u0107i da se kupi golf. Kad pominjemo ovog sa inicijalima I.D. koji tvrdi da nije bio tu tih dana, ja sam ga sutradan sreo ispred kluba Manija. To je kad Bog namjesti. Po\u0161to se to sve de\u0161avalo u Maniji\u201c, rekao je Jovanovi\u0107.<\/p>\n\n\n\n<p>On je poru\u010dio da iza atentata stoji svjetska mafija.<\/p>\n\n\n\n<p>\u201eOvdje se radi o svjetskoj mafiji, dublje su stvari nego \u0161to vi i ja znamo. Za\u0161to se slu\u010daj ne dovodi do kraja, mo\u017eda su kompleksni razlozi\u2026 Da vidimo za\u0161to Evropa insistira na ovome? Sazna\u0107emo za\u0161to, mo\u017eda sve ide do Ju\u017ene Amerike. Zna se ko je \u0161vercovao duvan i kokain, ko i danas to radi. Nije to potpuno prekinuto\u201c, kazao je Jovanovi\u0107 dodaju\u0107i da \u201eovaj narod treba malo vi\u0161e da valorizuje borce za otkrivanje Du\u0161kovog ubistva\u201c.<\/p>\n\n\n\n<p>\u201eNe samo zbog njega. Jer \u0107e mnogo toga o toj Hobotnici saznati razotkrivaju\u0107i ovaj zlo\u010din, o tome gdje smo \u017eivjeli, kako su se neki obogatili na grba\u010di obi\u010dnog svijeta koji je bio zadovoljan da pre\u017eivi od mjesec do mjeseca\u201c, zaklju\u010dio je Jovanovi\u0107.<\/p>\n\n\n\n<p>Emisiju mo\u017eete pogledati na programu RTV Podgorica od 20 i na Youtube kanalu od 21 sati:<\/p>\n\n\n\n<figure class=\"wp-block-embed is-type-video is-provider-youtube wp-block-embed-youtube wp-embed-aspect-16-9 wp-has-aspect-ratio\"><div class=\"wp-block-embed__wrapper\">\n<iframe title=\"KONTROVERZA: Mafija ja\u010da od dr\u017eave i ubice sa zna\u010dkom | Miodrag Jovanovi\u0107\" width=\"800\" height=\"450\" src=\"https:\/\/www.youtube.com\/embed\/gzMTKwlGixs?feature=oembed\" frameborder=\"0\" allow=\"accelerometer; autoplay; clipboard-write; encrypted-media; gyroscope; picture-in-picture; web-share\" referrerpolicy=\"strict-origin-when-cross-origin\" allowfullscreen><\/iframe>\n<\/div><\/figure>","protected":false},"excerpt":{"rendered":"<p>Mi znamo od prvog dana da na Du\u0161ka nije pucano iz golfa, ali i da je ubijen iz dva oru\u017eja. Doktor Filipovi\u0107 koji je poku\u0161ao da mu spasi \u017eivot donio mi je metak koji je iz potpuno drugog oru\u017eja od onog za koje zna da je kori\u0161\u0107eno u atentatu, a koji je poslu\u017eio za \u201eovjeravanje\u201c ubistva, ispri\u010dao je prof. dr Miodrag Mi\u0161ko Jovanovi\u0107, ro\u0111eni brat Du\u0161ka Jovanovi\u0107a, u emisiji \u201eKontroverza sa Mladenom Stojovi\u0107em\u201c.<\/p>","protected":false},"author":7,"featured_media":963772,"comment_status":"open","ping_status":"open","sticky":false,"template":"","format":"standard","meta":{"_acf_changed":false,"footnotes":"","jetpack_publicize_message":"","jetpack_publicize_feature_enabled":true,"jetpack_social_post_already_shared":true,"jetpack_social_options":{"image_generator_settings":{"template":"highway","default_image_id":0,"font":"","enabled":false},"version":2}},"categories":[10,9],"tags":[7588,4510,7589],"naslovna":[909],"class_list":["post-963674","post","type-post","status-publish","format-standard","has-post-thumbnail","hentry","category-hronika","category-drustvo","tag-dusko-jovanovic","tag-emisija","tag-kontroverza","naslovna-naslovna-velika"],"acf":[],"jetpack_publicize_connections":[],"_links":{"self":[{"href":"https:\/\/gradski.me\/en\/wp-json\/wp\/v2\/posts\/963674","targetHints":{"allow":["GET"]}}],"collection":[{"href":"https:\/\/gradski.me\/en\/wp-json\/wp\/v2\/posts"}],"about":[{"href":"https:\/\/gradski.me\/en\/wp-json\/wp\/v2\/types\/post"}],"author":[{"embeddable":true,"href":"https:\/\/gradski.me\/en\/wp-json\/wp\/v2\/users\/7"}],"replies":[{"embeddable":true,"href":"https:\/\/gradski.me\/en\/wp-json\/wp\/v2\/comments?post=963674"}],"version-history":[{"count":10,"href":"https:\/\/gradski.me\/en\/wp-json\/wp\/v2\/posts\/963674\/revisions"}],"predecessor-version":[{"id":964101,"href":"https:\/\/gradski.me\/en\/wp-json\/wp\/v2\/posts\/963674\/revisions\/964101"}],"wp:featuredmedia":[{"embeddable":true,"href":"https:\/\/gradski.me\/en\/wp-json\/wp\/v2\/media\/963772"}],"wp:attachment":[{"href":"https:\/\/gradski.me\/en\/wp-json\/wp\/v2\/media?parent=963674"}],"wp:term":[{"taxonomy":"category","embeddable":true,"href":"https:\/\/gradski.me\/en\/wp-json\/wp\/v2\/categories?post=963674"},{"taxonomy":"post_tag","embeddable":true,"href":"https:\/\/gradski.me\/en\/wp-json\/wp\/v2\/tags?post=963674"},{"taxonomy":"naslovna","embeddable":true,"href":"https:\/\/gradski.me\/en\/wp-json\/wp\/v2\/naslovna?post=963674"}],"curies":[{"name":"wp","href":"https:\/\/api.w.org\/{rel}","templated":true}]}}