{"id":963653,"date":"2026-04-29T09:48:33","date_gmt":"2026-04-29T07:48:33","guid":{"rendered":"https:\/\/gradski.me\/?p=963653"},"modified":"2026-04-29T09:50:40","modified_gmt":"2026-04-29T07:50:40","slug":"evropska-i-medjunarodna-konfederacija-sindikata-pisale-spajicu-zbog-opsteg-kolektivnog-ugovora","status":"publish","type":"post","link":"https:\/\/gradski.me\/en\/ekonomija\/evropska-i-medjunarodna-konfederacija-sindikata-pisale-spajicu-zbog-opsteg-kolektivnog-ugovora\/","title":{"rendered":"Evropska i Me\u0111unarodna konfederacija sindikata pisale Spaji\u0107u zbog Op\u0161teg kolektivnog ugovora"},"content":{"rendered":"<p><\/p>\n\n\n\n<p><strong>Pismo Evropske konfederacije sindikata:<\/strong><\/p>\n\n\n\n<p>Po\u0161tovani premijeru Spaji\u0107u,<\/p>\n\n\n\n<p>Obra\u0107am Vam se kako bih izrazila veliku zabrinutost Evropske konfederacije sindikata u vezi sa situacijom oko Op\u0161teg kolektivnog ugovora i rizikom od njegovog isteka.<\/p>\n\n\n\n<p>Evropska konfederacija sindikata (EKS) govori jedinstvenim glasom u ime evropskih radnika kako bi obezbijedila sna\u017eniji uticaj na dono\u0161enje odluka u EU. EKS je osnovan 1973. godine. Predstavlja vi\u0161e od 45 miliona radnika u Evropi i obuhvata 94 nacionalne sindikalne konfederacije iz 42 zemlje, kao i 10 evropskih sindikalnih federacija.<\/p>\n\n\n\n<p>Cijene\u0107i napore koje Crna Gora ula\u017ee na svom evropskom putu i u i\u0161\u010dekivanju zatvaranja veoma va\u017enih pregovara\u010dkih poglavlja, posebno 2 i 19, u ime EKS-a \u017eelim da Vam, kao predsjedniku Vlade, \u010destitam na postignutim rezultatima i napretku u procesu pristupanja.<\/p>\n\n\n\n<p>Me\u0111utim, proces evropskih integracija sam po sebi ne mo\u017ee se svesti na me\u0111uvladin proces, niti zasnivati samo na pukoj transpoziciji direktiva ili uskla\u0111ivanju sa pravnom tekovinom \u2013 iako su to su\u0161tinski elementi. On mora predstavljati stvarnu integraciju cjelokupnog dru\u0161tva u evropski socijalni model, \u0161to zna\u010di da nije va\u017eno samo da Crna Gora ima zakone uskla\u0111ene sa standardima EU, ve\u0107 i kako oni funkcioni\u0161u u praksi.<\/p>\n\n\n\n<p>Evropske vrijednosti podrazumijevaju istinski i efikasan socijalni dijalog, i nijedna zemlja ne mo\u017ee uspje\u0161no zavr\u0161iti proces pridru\u017eivanja Evropskoj uniji marginalizacijom socijalnog dijaloga, koji se mora osna\u017eiti, a ne podrivati.<\/p>\n\n\n\n<p>Znamo koliko Op\u0161ti kolektivni ugovor zna\u010di za radnike u Crnoj Gori, posebno u kontekstu odsustva kolektivnih ugovora u zna\u010dajnom dijelu privrede, koju uglavnom \u010dine mala i srednja preduze\u0107a.<\/p>\n\n\n\n<p>Sindikati iz Crne Gore su ukazali na to da bi, u slu\u010daju isteka Op\u0161teg kolektivnog ugovora, oko sto hiljada zaposlenih, koji nisu za\u0161ti\u0107eni granskim kolektivnim ugovorima, izgubilo najzna\u010dajniji dio svojih radni\u010dkih prava.<br>Ono \u0161to sindikati iz Crne Gore tra\u017ee je pove\u0107anje obra\u010dunske vrijednosti koeficijenta, koja je utvr\u0111ena prije 13 godina. Od tada je inflacija doprinijela zna\u010dajnom pove\u0107anju tro\u0161kova \u017eivota.<\/p>\n\n\n\n<p>Crnogorski sindikati imaju punu podr\u0161ku EKS-a. EKS podr\u017eava njihove inicijative i aktivnosti, uklju\u010duju\u0107i sjutra\u0161nji protest, kao i njihove zahtjeve.<\/p>\n\n\n\n<p>Marginalizacija sindikata i politizacija pregovora o zaradama \u0161alju poruku koja je u suprotnosti sa putem pristupanja EU.<\/p>\n\n\n\n<p>Zato pozivamo Vladu Crne Gore da sjedne za pregovara\u010dki sto sa socijalnim partnerima i zaklju\u010di OKU, i time poka\u017ee da ne postoji jaz izme\u0111u deklarisanog cilja pristupanja EU i stvarne podr\u0161ke evropskoj vrijednosti i praksi socijalnog dijaloga.<\/p>\n\n\n\n<p>With respect,<\/p>\n\n\n\n<p><strong>Esther Lynch<br><\/strong>Generalna sekretarka Evropske konfederacije sindikata<\/p>\n\n\n\n<p><strong><em>Pismo je uputila i Me\u0111unarodna konfederacija sindikata:<\/em><\/strong><\/p>\n\n\n\n<p>Po\u0161tovani premijeru,<\/p>\n\n\n\n<p>Op\u0161ti kolektivni ugovor (OKU) Crne Gore isti\u010de 30. aprila. Sastanci nacionalnog tripartitnog tijela odlagani su nekoliko puta na zahtjev Vlade.<\/p>\n\n\n\n<p>OKU je glavni normativni akt koji reguli\u0161e zarade i uslove rada u zemlji. Njegov prestanak va\u017eenja li\u0161io bi zna\u010dajan dio radnika u Crnoj Gori prava i garancija koje iz njega proizilaze. To bi posebno pogodilo radnike u malim i srednjim preduze\u0107ima i organizacijama koje nisu obuhva\u0107ene granskim kolektivnim ugovorima.<\/p>\n\n\n\n<p>Crna Gora je bila dobar primjer nacionalnog socijalnog dijaloga, prepoznatog i od strane Me\u0111unarodne organizacije rada i Evropske unije, a trenutna situacija dovodi tu ocjenu u pitanje.<\/p>\n\n\n\n<p>Pozivamo Vas da bez odlaganja ponovo uspostavite nacionalni socijalni dijalog kako bi se razgovaralo o svim otvorenim pitanjima, uklju\u010duju\u0107i koeficijente zarada, te kako bi se osiguralo da OKU nastavi da \u0161titi prava i interese radnika u Crnoj Gori. Sara\u0111ivali smo sa na\u0161im \u010dlanicama, SSCG i USSCG, na pitanjima vezanim za utvr\u0111ivanje zarada i u potpunosti podr\u017eavamo njihove zahtjeve za mehanizmima uskla\u0111ivanja na osnovu tro\u0161kova \u017eivota i inflacije, kako bi se osiguralo da svi radnici u Crnoj Gori imaju adekvatne zarade i dostojanstvo na radu.<\/p>\n\n\n\n<p>With respect,<\/p>\n\n\n\n<p>Generalni sekretar, Luk Triangle<\/p>","protected":false},"excerpt":{"rendered":"<p>Evropska konfederacija sindikata i Me\u0111unarodna konfederacija sindikata uputile predsjedniku Vlade Crne Gore povodom aktuelnih de\u0161avanja u vezi sa Op\u0161tim kolektivnim ugovorom, ukazuju\u0107i na njegov zna\u010daj.<\/p>","protected":false},"author":8,"featured_media":940494,"comment_status":"open","ping_status":"open","sticky":false,"template":"","format":"standard","meta":{"_acf_changed":false,"footnotes":"","jetpack_publicize_message":"","jetpack_publicize_feature_enabled":true,"jetpack_social_post_already_shared":true,"jetpack_social_options":{"image_generator_settings":{"template":"highway","default_image_id":0,"font":"","enabled":false},"version":2}},"categories":[8],"tags":[31649,31650],"naslovna":[908],"class_list":["post-963653","post","type-post","status-publish","format-standard","has-post-thumbnail","hentry","category-ekonomija","tag-evropska-konfederacija-sindikata","tag-medjunarodna-konfederacija-sindikata","naslovna-izdvajamo"],"acf":[],"jetpack_publicize_connections":[],"_links":{"self":[{"href":"https:\/\/gradski.me\/en\/wp-json\/wp\/v2\/posts\/963653","targetHints":{"allow":["GET"]}}],"collection":[{"href":"https:\/\/gradski.me\/en\/wp-json\/wp\/v2\/posts"}],"about":[{"href":"https:\/\/gradski.me\/en\/wp-json\/wp\/v2\/types\/post"}],"author":[{"embeddable":true,"href":"https:\/\/gradski.me\/en\/wp-json\/wp\/v2\/users\/8"}],"replies":[{"embeddable":true,"href":"https:\/\/gradski.me\/en\/wp-json\/wp\/v2\/comments?post=963653"}],"version-history":[{"count":2,"href":"https:\/\/gradski.me\/en\/wp-json\/wp\/v2\/posts\/963653\/revisions"}],"predecessor-version":[{"id":963658,"href":"https:\/\/gradski.me\/en\/wp-json\/wp\/v2\/posts\/963653\/revisions\/963658"}],"wp:featuredmedia":[{"embeddable":true,"href":"https:\/\/gradski.me\/en\/wp-json\/wp\/v2\/media\/940494"}],"wp:attachment":[{"href":"https:\/\/gradski.me\/en\/wp-json\/wp\/v2\/media?parent=963653"}],"wp:term":[{"taxonomy":"category","embeddable":true,"href":"https:\/\/gradski.me\/en\/wp-json\/wp\/v2\/categories?post=963653"},{"taxonomy":"post_tag","embeddable":true,"href":"https:\/\/gradski.me\/en\/wp-json\/wp\/v2\/tags?post=963653"},{"taxonomy":"naslovna","embeddable":true,"href":"https:\/\/gradski.me\/en\/wp-json\/wp\/v2\/naslovna?post=963653"}],"curies":[{"name":"wp","href":"https:\/\/api.w.org\/{rel}","templated":true}]}}