{"id":963648,"date":"2026-04-29T09:31:00","date_gmt":"2026-04-29T07:31:00","guid":{"rendered":"https:\/\/gradski.me\/?p=963648"},"modified":"2026-04-29T09:30:22","modified_gmt":"2026-04-29T07:30:22","slug":"poslanicima-znacajno-manje-privilegije-prosjecna-poslanicka-plata-26-puta-veca-od-minimalne-ranije-je-taj-odnos-bio-101","status":"publish","type":"post","link":"https:\/\/gradski.me\/en\/politika\/poslanicima-znacajno-manje-privilegije-prosjecna-poslanicka-plata-26-puta-veca-od-minimalne-ranije-je-taj-odnos-bio-101\/","title":{"rendered":"Poslanicima zna\u010dajno manje privilegije: Prosje\u010dna poslani\u010dka plata 2,6 puta ve\u0107a od minimalne, ranije je taj odnos bio 10:1"},"content":{"rendered":"<p><\/p>\n\n\n\n<p>Na po\u010detku posmatranog perioda, 2016. godine, jaz izme\u0111u poslanika i gra\u0111ana bio je drasti\u010dan. Prosje\u010dna neto zarada u Crnoj Gori iznosila je 502 eura, dok je prosje\u010dna plata poslanika bila \u010dak 1.866,88 eura. Drugim rije\u010dima, poslanik je zara\u0111ivao gotovo \u010detiri prosje\u010dne plate. Jo\u0161 dramati\u010dniji je bio odnos sa minimalnom zaradom od 193 eura \u2014 tada je poslani\u010dka plata bila skoro deset puta ve\u0107a.<\/p>\n\n\n\n<p>To je bio period kada se s pravom govorilo o politi\u010dkoj klasi kao o privilegovanoj kasti, odvojenoj od ekonomske realnosti gra\u0111ana.<\/p>\n\n\n\n<p>Devet godina kasnije, slika je bitno druga\u010dija.<\/p>\n\n\n\n<p>Prema podacima za 2025. godinu, prosje\u010dna neto zarada u Crnoj Gori porasla je na 1.022 eura, dok je prosje\u010dna plata poslanika dostigla 2.092,20 eura. Na prvi pogled, i dalje je rije\u010d o visokoj zaradi, ali je klju\u010d u odnosima: poslani\u010dka plata sada iznosi oko dvije prosje\u010dne zarade, \u0161to je upola manji jaz nego 2016.<\/p>\n\n\n\n<p>Promjena je jo\u0161 vidljivija kada se pogleda minimalna zarada. Dana\u0161nje minimalne plate od 600 i 800 eura zna\u010dajno su smanjile razliku \u2014 poslani\u010dka plata sada je oko 2,6 do 3,5 puta ve\u0107a, u zavisnosti od kategorije minimalca. U odnosu na nekada\u0161nji odnos od gotovo 10:1, to predstavlja su\u0161tinski zaokret.<\/p>\n\n\n\n<p>Va\u017eno je i razdvojiti osnovnu i ukupnu poslani\u010dku zaradu. Osnovna prosje\u010dna neto plata poslanika u 2025. iznosi 1.677,22 eura, \u0161to je tek oko 1,6 puta vi\u0161e od dr\u017eavnog prosjeka. To dodatno relativizuje percepciju o \u201cogromnim\u201d poslani\u010dkim primanjima, jer zna\u010dajan dio razlike dolazi od dodataka vezanih za funkciju, a ne same osnovice.<\/p>\n\n\n\n<p>Trendovi iz grafika jasno potvr\u0111uju ovaj proces: dok su poslani\u010dke zarade rasle relativno stabilno, zarade u Crnoj Gori \u2014 naro\u010dito nakon reformi minimalne zarade \u2014 rasle su br\u017ee, \u010dime je jaz sistemski smanjivan. \u010cak i grafikon odnosa plata pokazuje pad sa oko 370% prosje\u010dne plate na oko 200%, \u0161to je istorijski minimum u posmatranom periodu.<\/p>\n\n\n\n<p>Ovi podaci ne zna\u010de da su poslanici lo\u0161e pla\u0107eni \u2014 naprotiv, i dalje su iznad prosjeka, \u0161to je i o\u010dekivano za najvi\u0161e zakonodavne funkcije. Ali zna\u010de da vi\u0161e nijesu izolovani od dru\u0161tva u kojem \u017eive, niti predstavljaju ekstrem u sistemu zarada.<\/p>\n\n\n\n<p>U kona\u010dnom, narativ o \u201cprepla\u0107enim politi\u010darima\u201d vi\u0161e ne stoji u istoj mjeri kao prije deset godina. Danas je realnije govoriti o normalizaciji odnosa plata, gdje su razlike i dalje prisutne, ali vi\u0161e nijesu dramati\u010dne ni dru\u0161tveno neodr\u017eive.<\/p>\n\n\n\n<p>A to je, mo\u017eda, i najva\u017enija promjena: poslanici vi\u0161e nijesu simbol privilegije, ve\u0107 dio \u0161ireg ekonomskog okvira koji se \u2014 makar kada su zarade u pitanju \u2014 kona\u010dno pribli\u017eio gra\u0111anima.<\/p>\n\n\n\n<figure class=\"wp-block-image\"><img decoding=\"async\" src=\"https:\/\/bizniscg.me\/wp-content\/uploads\/2026\/04\/1000235012-1024x947.jpg\" alt=\"\" class=\"wp-image-154504\" title=\"\"><\/figure>","protected":false},"excerpt":{"rendered":"<p>Ako se politika \u010desto posmatra kroz prizmu privilegija, onda je pitanje poslani\u010dkih plata jedno od klju\u010dnih. Me\u0111utim, najnoviji podaci Parlamentarnog instituta za period 2016\u20132025. pokazuju da se ta slika zna\u010dajno promijenila \u2014 i to ne u korist privilegija, ve\u0107 u pravcu njihovog smanjenja.<\/p>","protected":false},"author":8,"featured_media":963185,"comment_status":"open","ping_status":"open","sticky":false,"template":"","format":"standard","meta":{"_acf_changed":false,"footnotes":"","jetpack_publicize_message":"","jetpack_publicize_feature_enabled":true,"jetpack_social_post_already_shared":true,"jetpack_social_options":{"image_generator_settings":{"template":"highway","default_image_id":0,"font":"","enabled":false},"version":2}},"categories":[7],"tags":[1150,100,850],"naslovna":[910],"class_list":["post-963648","post","type-post","status-publish","format-standard","has-post-thumbnail","hentry","category-politika","tag-poslanici","tag-skupstina-crne-gore","tag-zarade","naslovna-preporuceno"],"acf":[],"jetpack_publicize_connections":[],"_links":{"self":[{"href":"https:\/\/gradski.me\/en\/wp-json\/wp\/v2\/posts\/963648","targetHints":{"allow":["GET"]}}],"collection":[{"href":"https:\/\/gradski.me\/en\/wp-json\/wp\/v2\/posts"}],"about":[{"href":"https:\/\/gradski.me\/en\/wp-json\/wp\/v2\/types\/post"}],"author":[{"embeddable":true,"href":"https:\/\/gradski.me\/en\/wp-json\/wp\/v2\/users\/8"}],"replies":[{"embeddable":true,"href":"https:\/\/gradski.me\/en\/wp-json\/wp\/v2\/comments?post=963648"}],"version-history":[{"count":1,"href":"https:\/\/gradski.me\/en\/wp-json\/wp\/v2\/posts\/963648\/revisions"}],"predecessor-version":[{"id":963652,"href":"https:\/\/gradski.me\/en\/wp-json\/wp\/v2\/posts\/963648\/revisions\/963652"}],"wp:featuredmedia":[{"embeddable":true,"href":"https:\/\/gradski.me\/en\/wp-json\/wp\/v2\/media\/963185"}],"wp:attachment":[{"href":"https:\/\/gradski.me\/en\/wp-json\/wp\/v2\/media?parent=963648"}],"wp:term":[{"taxonomy":"category","embeddable":true,"href":"https:\/\/gradski.me\/en\/wp-json\/wp\/v2\/categories?post=963648"},{"taxonomy":"post_tag","embeddable":true,"href":"https:\/\/gradski.me\/en\/wp-json\/wp\/v2\/tags?post=963648"},{"taxonomy":"naslovna","embeddable":true,"href":"https:\/\/gradski.me\/en\/wp-json\/wp\/v2\/naslovna?post=963648"}],"curies":[{"name":"wp","href":"https:\/\/api.w.org\/{rel}","templated":true}]}}