{"id":963646,"date":"2026-04-29T09:19:52","date_gmt":"2026-04-29T07:19:52","guid":{"rendered":"https:\/\/gradski.me\/?p=963646"},"modified":"2026-04-29T12:08:49","modified_gmt":"2026-04-29T10:08:49","slug":"idrizovic-zarobljeni-crnogorski-pomorci-u-dobrom-psihofizickom-stanju-ali-situacija-ostaje-neizvjesna","status":"publish","type":"post","link":"https:\/\/gradski.me\/en\/drustvo\/idrizovic-zarobljeni-crnogorski-pomorci-u-dobrom-psihofizickom-stanju-ali-situacija-ostaje-neizvjesna\/","title":{"rendered":"Idrizovi\u0107: Zarobljeni crnogorski pomorci u dobrom psihofizi\u010dkom stanju, ali situacija ostaje neizvjesna"},"content":{"rendered":"<p><\/p>\n\n\n\n<p>Ipak, situacija ostaje neizvjesna, a komunikacija sa porodicama ograni\u010dena je na oko pola sata dnevno. Nadle\u017ene institucije, brodarska kompanija i porodice u kontaktu su sa posadom, ali uglavnom posredno, dok se pregovori vode na me\u0111unarodnom nivou uz uklju\u010divanje relevantnih organizacija.<\/p>\n\n\n\n<p>Prema podacima Ministarstva, u rizi\u010dnom podru\u010dju Persijskog zaliva evidentirano je ukupno 44 crnogorska pomorca, dok je dio njih u me\u0111uvremenu evakuisan ili se iskrcao kada su se za to stekli uslovi.<\/p>\n\n\n\n<p>\u201cZadnji kontaks koji smo imali s njima je od ju\u010de. Osim \u0161to se nalaze u nezavitnoj situaciji, na brodu koji je zaustavljen od iranskih snaga, na brodu gdje je presutno vojno osoblje, koje se prema trenutnjama zapovednika pona\u0161a sasvim veri profesionalno. Ono \u0161to znamo i \u0161to je malo ote\u017eavaju\u0107i faktor je \u010dinjenica da su im u nekom smislu ograni\u010dena mogu\u0107nost komunikacije\u201d, rekao je Idrizovi\u0107.<\/p>\n\n\n\n<p>Kazao je i da oni imaju samo sat vremena dnevno za komunikaciju.<\/p>\n\n\n\n<p>\u201cImaju manje, imaju pola sata. To je isklju\u010divo sa porodicama. I onda mi dobijamo posredno informacije u kontaktu sa njihovim porodicama i u kontaktu sa agencijom kojih je ukrcalo na brodu\u201d, kazao je.<\/p>","protected":false},"excerpt":{"rendered":"<p>Crnogorski pomorci koji se nalaze na brodu zadr\u017eanom od strane iranskih snaga trenutno su u dobrom psihofizi\u010dkom stanju i nema neposrednih bezbjednosnih prijetnji, saop\u0161tio je u Bojama jutra na Televiziji Vijesti\u00a0Goran Idrizovi\u0107\u00a0iz Ministarstva pomorstva.<\/p>","protected":false},"author":8,"featured_media":923385,"comment_status":"open","ping_status":"open","sticky":false,"template":"","format":"standard","meta":{"_acf_changed":false,"footnotes":"","jetpack_publicize_message":"","jetpack_publicize_feature_enabled":true,"jetpack_social_post_already_shared":true,"jetpack_social_options":{"image_generator_settings":{"template":"highway","default_image_id":0,"font":"","enabled":false},"version":2}},"categories":[9],"tags":[23386,11353],"naslovna":[],"class_list":["post-963646","post","type-post","status-publish","format-standard","has-post-thumbnail","hentry","category-drustvo","tag-goran-idrizovic","tag-pomorci"],"acf":[],"jetpack_publicize_connections":[],"_links":{"self":[{"href":"https:\/\/gradski.me\/en\/wp-json\/wp\/v2\/posts\/963646","targetHints":{"allow":["GET"]}}],"collection":[{"href":"https:\/\/gradski.me\/en\/wp-json\/wp\/v2\/posts"}],"about":[{"href":"https:\/\/gradski.me\/en\/wp-json\/wp\/v2\/types\/post"}],"author":[{"embeddable":true,"href":"https:\/\/gradski.me\/en\/wp-json\/wp\/v2\/users\/8"}],"replies":[{"embeddable":true,"href":"https:\/\/gradski.me\/en\/wp-json\/wp\/v2\/comments?post=963646"}],"version-history":[{"count":1,"href":"https:\/\/gradski.me\/en\/wp-json\/wp\/v2\/posts\/963646\/revisions"}],"predecessor-version":[{"id":963647,"href":"https:\/\/gradski.me\/en\/wp-json\/wp\/v2\/posts\/963646\/revisions\/963647"}],"wp:featuredmedia":[{"embeddable":true,"href":"https:\/\/gradski.me\/en\/wp-json\/wp\/v2\/media\/923385"}],"wp:attachment":[{"href":"https:\/\/gradski.me\/en\/wp-json\/wp\/v2\/media?parent=963646"}],"wp:term":[{"taxonomy":"category","embeddable":true,"href":"https:\/\/gradski.me\/en\/wp-json\/wp\/v2\/categories?post=963646"},{"taxonomy":"post_tag","embeddable":true,"href":"https:\/\/gradski.me\/en\/wp-json\/wp\/v2\/tags?post=963646"},{"taxonomy":"naslovna","embeddable":true,"href":"https:\/\/gradski.me\/en\/wp-json\/wp\/v2\/naslovna?post=963646"}],"curies":[{"name":"wp","href":"https:\/\/api.w.org\/{rel}","templated":true}]}}