{"id":963637,"date":"2026-04-29T09:44:00","date_gmt":"2026-04-29T07:44:00","guid":{"rendered":"https:\/\/gradski.me\/?p=963637"},"modified":"2026-04-29T12:07:56","modified_gmt":"2026-04-29T10:07:56","slug":"posp-u-strazburu-fokus-na-zavrsetak-pregovora-i-pristupanje-crne-gore-eu-do-kraja-godine","status":"publish","type":"post","link":"https:\/\/gradski.me\/en\/politika\/posp-u-strazburu-fokus-na-zavrsetak-pregovora-i-pristupanje-crne-gore-eu-do-kraja-godine\/","title":{"rendered":"POSP u Strazburu: Fokus na zavr\u0161etak pregovora i pristupanje Crne Gore EU do kraja godine"},"content":{"rendered":"<p><\/p>\n\n\n\n<p>U nacrtu deklaracije konstatuje se kontinuiranu opredijeljenost Crne Gore da okon\u010da pregovore do kraja godine, te podsti\u010de institucije EU i dr\u017eave \u010dlanice da preduzmu sve neophodne unutra\u0161nje pripreme za pristupanje Crne Gore, uklju\u010duju\u0107i izradu Ugovora o pristupanju.<\/p>\n\n\n\n<p>Sastanku \u0107e predsjedavati \u0161ef delegacije Skup\u0161tine Crne Gore u POSP-u Dejan \u0110urovi\u0107 i \u0161ef delegacije Evropskog parlamenta Tomas Vajc.<\/p>","protected":false},"excerpt":{"rendered":"<p>Parlamentarni odbor Evropske unije i Crne Gore za stabilizaciju i pridru\u017eivanje odr\u017ea\u0107e danas i sjutra sastanak u Evropskom parlamentu u Strazburu.<\/p>","protected":false},"author":8,"featured_media":844169,"comment_status":"open","ping_status":"open","sticky":false,"template":"","format":"standard","meta":{"_acf_changed":false,"footnotes":"","jetpack_publicize_message":"","jetpack_publicize_feature_enabled":true,"jetpack_social_post_already_shared":true,"jetpack_social_options":{"image_generator_settings":{"template":"highway","default_image_id":0,"font":"","enabled":false},"version":2}},"categories":[7],"tags":[282,6783,6287],"naslovna":[],"class_list":["post-963637","post","type-post","status-publish","format-standard","has-post-thumbnail","hentry","category-politika","tag-eu","tag-posp","tag-strazbur"],"acf":[],"jetpack_publicize_connections":[],"_links":{"self":[{"href":"https:\/\/gradski.me\/en\/wp-json\/wp\/v2\/posts\/963637","targetHints":{"allow":["GET"]}}],"collection":[{"href":"https:\/\/gradski.me\/en\/wp-json\/wp\/v2\/posts"}],"about":[{"href":"https:\/\/gradski.me\/en\/wp-json\/wp\/v2\/types\/post"}],"author":[{"embeddable":true,"href":"https:\/\/gradski.me\/en\/wp-json\/wp\/v2\/users\/8"}],"replies":[{"embeddable":true,"href":"https:\/\/gradski.me\/en\/wp-json\/wp\/v2\/comments?post=963637"}],"version-history":[{"count":1,"href":"https:\/\/gradski.me\/en\/wp-json\/wp\/v2\/posts\/963637\/revisions"}],"predecessor-version":[{"id":963638,"href":"https:\/\/gradski.me\/en\/wp-json\/wp\/v2\/posts\/963637\/revisions\/963638"}],"wp:featuredmedia":[{"embeddable":true,"href":"https:\/\/gradski.me\/en\/wp-json\/wp\/v2\/media\/844169"}],"wp:attachment":[{"href":"https:\/\/gradski.me\/en\/wp-json\/wp\/v2\/media?parent=963637"}],"wp:term":[{"taxonomy":"category","embeddable":true,"href":"https:\/\/gradski.me\/en\/wp-json\/wp\/v2\/categories?post=963637"},{"taxonomy":"post_tag","embeddable":true,"href":"https:\/\/gradski.me\/en\/wp-json\/wp\/v2\/tags?post=963637"},{"taxonomy":"naslovna","embeddable":true,"href":"https:\/\/gradski.me\/en\/wp-json\/wp\/v2\/naslovna?post=963637"}],"curies":[{"name":"wp","href":"https:\/\/api.w.org\/{rel}","templated":true}]}}