{"id":963630,"date":"2026-04-29T09:12:00","date_gmt":"2026-04-29T07:12:00","guid":{"rendered":"https:\/\/gradski.me\/?p=963630"},"modified":"2026-04-29T08:42:35","modified_gmt":"2026-04-29T06:42:35","slug":"korak-blize-implementaciji-programa-olimpijskog-obrazovanja-u-skolama","status":"publish","type":"post","link":"https:\/\/gradski.me\/en\/drustvo\/korak-blize-implementaciji-programa-olimpijskog-obrazovanja-u-skolama\/","title":{"rendered":"Korak bli\u017ee implementaciji programa olimpijskog obrazovanja u \u0161kolama"},"content":{"rendered":"<p><\/p>\n\n\n\n<p>U\u010desnici su tokom obuke dobili i priru\u010dnike koje \u0107e koristiti u nastavi.<\/p>\n\n\n\n<p>Predava\u010di na prvoj obuci bili su&nbsp;<strong>Nata\u0161a Jankovi\u0107<\/strong>&nbsp;iz Olimpijskog komiteta Srbije,&nbsp;<strong>Goran Prebeg<\/strong>&nbsp;sa Fakulteta za sport i fizi\u010dko vaspitanje Univerziteta u Beogradu i&nbsp;<strong>Bojan Gerzina<\/strong>&nbsp;iz O\u0160 \u201eFilip Filipovi\u0107\u201d iz Beograd.<\/p>\n\n\n\n<p>Kolege iz Srbije imaju vi\u0161e od decenije iskustva u realizaciji sli\u010dnih edukativnih programa, \u010dime je obuka oslonjena na provjerenu praksu i konkretne primjere primjene OVEP-a u \u0161kolskom okru\u017eenju.<\/p>\n\n\n\n<p>\u201cVeoma sam zadovoljna dana\u0161njim seminarom. Mislim da smo sjajne rezultate postigli. Ovo je samo prvi dio ove obuke o olimpijskom obrazovanju, ali \u010dini mi se da i reakcija nastavnika bila sjajna i mislim da je uvijek va\u017eno da otvoreno i iskreno razgovaramo i o problemima i izazovima, i da sve ovo \u0161to smo danas i radili, u\u010dili zajedno i vje\u017ebali mo\u017eemo da primjenimo u praksi.\u2019\u2019, istakla je Nata\u0161a Jankovi\u0107 iz Olimpijskog komiteta Srbije nakon treninga.<\/p>\n\n\n\n<figure class=\"wp-block-image size-large\"><img fetchpriority=\"high\" decoding=\"async\" width=\"1024\" height=\"682\" src=\"https:\/\/gradski.me\/wp-content\/uploads\/2026\/04\/image-47-1024x682.webp\" alt=\"\" class=\"wp-image-963631\" title=\"\" srcset=\"https:\/\/gradski.me\/wp-content\/uploads\/2026\/04\/image-47-1024x682.webp 1024w, https:\/\/gradski.me\/wp-content\/uploads\/2026\/04\/image-47-300x200.webp 300w, https:\/\/gradski.me\/wp-content\/uploads\/2026\/04\/image-47-768x512.webp 768w, https:\/\/gradski.me\/wp-content\/uploads\/2026\/04\/image-47-1536x1023.webp 1536w, https:\/\/gradski.me\/wp-content\/uploads\/2026\/04\/image-47-18x12.webp 18w, https:\/\/gradski.me\/wp-content\/uploads\/2026\/04\/image-47.webp 1920w\" sizes=\"(max-width: 1024px) 100vw, 1024px\" \/><\/figure>\n\n\n\n<p>OVEP (Olympic Values Education Programme) razvio je Me\u0111unarodni olimpijski komitet, a u Crnoj Gori se uvodi nakon \u0161to je program dobio pozitivno mi\u0161ljenje Zavoda za \u0161kolstvo i saglasnost Ministarstva prosvjete, nauke i inovacija. Za razliku od klasi\u010dnih sportskih programa, OVEP ne predstavlja novi nastavni predmet niti optere\u0107uje postoje\u0107i nastavni plan, ve\u0107 se prirodno integri\u0161e u postoje\u0107e predmete i me\u0111upredmetne teme, prije svega u fizi\u010dko vaspitanje, ali i u izborne predmete poput Sporta za sportiste i Zdravih stilova \u017eivota.<\/p>\n\n\n\n<p>\u201dOlimpijske vrijednosti, po\u0161tovanje, po\u017ertvovanje i izvrsnost, ne treba da budu samo temelj razvoja sportista, ve\u0107 svakog \u010dovjeka u svakodnevnom \u017eivotu. A \u0161to se ti\u010de posla, svakako njegujemo te vrijednosti kroz rad sa djecom tako \u0161to ih posti\u010demo da daju svoj maksimum, ali isto tako da cijene svoj trud i trud drugih, da po\u0161tuju fair play i da po\u0161tuju jedni druge. To \u0107e i njima pomo\u0107i u \u017eivotu da steknu zdrave navike, da jednako da podnesu i pobjedu i poraz i da postanu dru\u0161tveno odgovorni, svjesni, zdravi ljudi.\u2019\u2019, poru\u010dila je<strong>&nbsp;Lidija Ivanovi\u0107,<\/strong>&nbsp;nastavnica fizi\u010dkog vaspitanja u O\u0160 \u201eMaksim Gorki\u201c Podgorica i jedna od polaznica treninga.<\/p>\n\n\n\n<p>Njen kolega,&nbsp;<strong>Novica Garda\u0161evi\u0107<\/strong>&nbsp;iz O\u0160 \u201cBla\u017eo Mrakovi\u0107\u201d Donji Zagara\u010d, Danilovgrad, dodao je \u2018\u2019da sjutra kroz nastavu fizi\u010dkog vaspitanja, zdravih stilova \u017eivota i istoriju i mnoge druge me\u0111upredmetne teme, mo\u017eemo dana\u0161nja iskustva prenijeti na\u0161im u\u010denicima sve u cilju usvajanja svih ovih olimpijskih vrijednosti. Prije svega mislim na fair play, na me\u0111usobno po\u0161tovanje. Tako\u0111e smatram da se zna\u010dajno mo\u017ee unaprijediti i onaj segment koji se odnosi na vr\u0161nja\u010dko nasilje kako bi se preveniralo u narednom periodu.\u201d<\/p>\n\n\n\n<p>Zna\u010daj uvo\u0111enja programa u crnogorski obrazovni sistem ogleda se u tome \u0161to OVEP direktno odgovara na izazove sa kojima se \u0161kole danas suo\u010davaju: smanjenu fizi\u010dku aktivnost djece, vr\u0161nja\u010dko nasilje, netoleranciju i potrebu za sistemskim razvojem dru\u0161tveno-emocionalnih vje\u0161tina kod u\u010denika.<\/p>\n\n\n\n<p>Program je usmjeren na cjelokupan razvoj li\u010dnosti kroz tri klju\u010dne olimpijske vrijednosti, izvrsnost, prijateljstvo i po\u0161tovanje, pri \u010demu sport i pokret koristi kao pedago\u0161ki alat, a ne kao takmi\u010darsku disciplinu.<\/p>\n\n\n\n<p>Program \u0107e se od septembra primjenjivati u \u0161kolama O\u0160 \u201eNovka Ubovi\u0107\u201d, O\u0160 \u201eSavo Pejanovi\u0107\u201d, O\u0160 \u201eSutjeska\u201d, O\u0160 \u201eMilorad Musa Burzan\u201d, O\u0160 \u201eMaksim Gorki\u201d i O\u0160 \u201eRadojica Perovi\u0107\u201d iz<br>Podgorice; O\u0160 \u201eVuk Karad\u017ei\u0107\u201d, O\u0160 \u201eMarko Miljanov\u201d i O\u0160 \u201e21. maj\u201c iz Bijelog Polja; O\u0160 \u201eOlga Golovi\u0107\u201d, O\u0160 \u201eBranko Vi\u0161nji\u0107\u201d i Gimnazija \u201eStojan Cerovi\u0107\u201d iz Nik\u0161i\u010da; O\u0160 \u201eJugoslavija\u201d i O\u0160 \u201eKekec\u201d iz Bara; O\u0160 \u201eBla\u017eo Mrakovi\u0107\u201d iz Danilovgrada; O\u0160 \u201eTucanje\u201d iz Petnjice; O\u0160 \u201eMirko Srzenti\u0107\u201d iz Petrovca i O\u0160 \u201eNjego\u0161\u201d iz Kotora.<\/p>","protected":false},"excerpt":{"rendered":"<p>U Podgorici je ju\u010de odr\u017ean prvi cjelodnevni OVEP trening za vi\u0161e od 30 nastavnika iz 18 crnogorskih \u0161kola, koji \u0107e od naredne \u0161kolske godine otpo\u010deti sa primjenom Programa olimpijskog obrazovanja u svojim \u0161kolama. Rije\u010d je o prvoj od dvije planirane obuke, koje Crnogorski olimpijski komitet realizuje u saradnji sa Ministarstvom prosvjete, nauke i inovacija.<\/p>","protected":false},"author":8,"featured_media":963632,"comment_status":"open","ping_status":"open","sticky":false,"template":"","format":"standard","meta":{"_acf_changed":false,"footnotes":"","jetpack_publicize_message":"","jetpack_publicize_feature_enabled":true,"jetpack_social_post_already_shared":true,"jetpack_social_options":{"image_generator_settings":{"template":"highway","default_image_id":0,"font":"","enabled":false},"version":2}},"categories":[9],"tags":[5411,6741,31643],"naslovna":[],"class_list":["post-963630","post","type-post","status-publish","format-standard","has-post-thumbnail","hentry","category-drustvo","tag-nastavnici","tag-obuka","tag-ovep-trening"],"acf":[],"jetpack_publicize_connections":[],"_links":{"self":[{"href":"https:\/\/gradski.me\/en\/wp-json\/wp\/v2\/posts\/963630","targetHints":{"allow":["GET"]}}],"collection":[{"href":"https:\/\/gradski.me\/en\/wp-json\/wp\/v2\/posts"}],"about":[{"href":"https:\/\/gradski.me\/en\/wp-json\/wp\/v2\/types\/post"}],"author":[{"embeddable":true,"href":"https:\/\/gradski.me\/en\/wp-json\/wp\/v2\/users\/8"}],"replies":[{"embeddable":true,"href":"https:\/\/gradski.me\/en\/wp-json\/wp\/v2\/comments?post=963630"}],"version-history":[{"count":1,"href":"https:\/\/gradski.me\/en\/wp-json\/wp\/v2\/posts\/963630\/revisions"}],"predecessor-version":[{"id":963633,"href":"https:\/\/gradski.me\/en\/wp-json\/wp\/v2\/posts\/963630\/revisions\/963633"}],"wp:featuredmedia":[{"embeddable":true,"href":"https:\/\/gradski.me\/en\/wp-json\/wp\/v2\/media\/963632"}],"wp:attachment":[{"href":"https:\/\/gradski.me\/en\/wp-json\/wp\/v2\/media?parent=963630"}],"wp:term":[{"taxonomy":"category","embeddable":true,"href":"https:\/\/gradski.me\/en\/wp-json\/wp\/v2\/categories?post=963630"},{"taxonomy":"post_tag","embeddable":true,"href":"https:\/\/gradski.me\/en\/wp-json\/wp\/v2\/tags?post=963630"},{"taxonomy":"naslovna","embeddable":true,"href":"https:\/\/gradski.me\/en\/wp-json\/wp\/v2\/naslovna?post=963630"}],"curies":[{"name":"wp","href":"https:\/\/api.w.org\/{rel}","templated":true}]}}