{"id":963623,"date":"2026-04-29T08:36:16","date_gmt":"2026-04-29T06:36:16","guid":{"rendered":"https:\/\/gradski.me\/?p=963623"},"modified":"2026-04-29T08:36:17","modified_gmt":"2026-04-29T06:36:17","slug":"volstrit-dzornal-tramp-nalozio-saradnicima-da-se-pripreme-za-dugotrajnu-blokadu-irana-u-zoru-nastavljeni-udari-idf-na-jug-libana","status":"publish","type":"post","link":"https:\/\/gradski.me\/en\/svijet\/volstrit-dzornal-tramp-nalozio-saradnicima-da-se-pripreme-za-dugotrajnu-blokadu-irana-u-zoru-nastavljeni-udari-idf-na-jug-libana\/","title":{"rendered":"Volstrit d\u017eornal: Tramp nalo\u017eio saradnicima da se pripreme za dugotrajnu blokadu Irana; U zoru nastavljeni udari IDF na jug Libana"},"content":{"rendered":"<p><\/p>\n\n\n\n<p>U zoru nastavljeni udari IDF na jug Libana, ranjena dvojica izraelskih vojnika.<\/p>\n\n\n\n<p><strong>SAD uvele mjere protiv 35 entiteta zbog pomaganja Iranu u izbjegavanju sankcija<\/strong><\/p>\n\n\n\n<p>Vlada Sjedinjenih Ameri\u010dkih Dr\u017eava saop\u0161tila je u utorak uve\u010de da uvodi sankcije protiv 35 pojedinaca i organizacija zbog njihove uloge u iranskoj sivoj bankarskoj arhitekturi.<\/p>\n\n\n\n<p>Va\u0161ington ih optu\u017euje da su omogu\u0107avali zaobila\u017eenje me\u0111unarodnih sankcija i finansijske tokove povezane sa Teheranom.<\/p>\n\n\n\n<p>Kancelarija ameri\u010dkog Ministarstva finansija za kontrolu strane imovine (OFAC) saop\u0161tila je da su sankcionisane mre\u017ee omogu\u0107avale iranskim oru\u017eanim snagama, uklju\u010duju\u0107i Islamsku revolucionarnu gardu (IRGC), pristup me\u0111unarodnom finansijskom sistemu.<\/p>\n\n\n\n<p>To se odnosi i na transakcije od prodaje nafte na crnom tr\u017ei\u0161tu, kao i nabavku komponenti za raketne i druge vojne sisteme.<\/p>\n\n\n\n<p>OFAC upozorava da \u0107e svaka kompanija koja iranskim dr\u017eavnim institucijama ili IRGC-u pla\u0107a naknade za prolazak kroz Ormuski moreuz biti suo\u010dena sa o\u0161trim sankcijama.<\/p>\n\n\n\n<p>Ameri\u010dki ministar finansija Skot Besent ocijenio je da &#8222;siva bankarska mre\u017ea Irana predstavlja klju\u010dni finansijski oslonac njegovih oru\u017eanih snaga&#8220;, navode\u0107i da ona omogu\u0107ava aktivnosti koje destabilizuju globalnu trgovinu i podsti\u010du nasilje na Bliskom istoku.<\/p>\n\n\n\n<p>On je dodao da nezakoniti finansijski tokovi kroz ovu mre\u017eu podr\u017eavaju, kako je rekao, &#8222;teroristi\u010dke operacije&#8220; iranskog re\u017eima, predstavljaju\u0107i prijetnju ameri\u010dkom osoblju, saveznicima i globalnoj ekonomiji.<\/p>\n\n\n\n<p>Besent je upozorio da \u0107e svaka institucija koja u\u010destvuje u takvim aktivnostima snositi &#8222;ozbiljne posljedice&#8220;.<\/p>\n\n\n\n<p><strong>Volstrit d\u017eornal: Tramp izabrao dugotrajnu blokadu Irana, umjesto bombardovanja<\/strong><\/p>\n\n\n\n<p>Predsjednik Sjedinjenih Ameri\u010dkih Dr\u017eava Donald Tramp nalo\u017eio je saradnicima da se pripreme za produ\u017eenu blokadu Irana, sa ciljem ekonomskog pritiska na Teheran kako bi pristao na nuklearne ustupke, rekli su ameri\u010dki zvani\u010dnici, objavio je list Volstrit d\u017eornal.<\/p>\n\n\n\n<p>Prema njihovim navodima, Tramp je na nedavnim sastancima, uklju\u010duju\u0107i diskusiju u Kontrolnoj sobi, odlu\u010dio da poja\u010da pritisak na iransku ekonomiju i izvoz nafte spre\u010davanjem isporuka ka i iz iranskih luka.<\/p>\n\n\n\n<p>Ovakav pristup ocijenjen je kao manje rizi\u010dan u pore\u0111enju sa alternativama, poput nastavka bombardovanja ili potpunog povla\u010denja iz sukoba, navedeno je.<\/p>\n\n\n\n<p>Procijenio je da njegove druge opcije \u2013 nastavak bombardovanja ili povla\u010denje iz sukoba \u2013 nose ve\u0107i rizik od odr\u017eavanja blokade, rekli su zvani\u010dnici.<\/p>\n\n\n\n<p>Zamjenica portparola SAD Ana Keli rekla je za ameri\u010dki list da blokada navodno omogu\u0107ava Va\u0161ingtonu da &#8222;vr\u0161i maksimalan uticaj&#8220; na iransku vladu.<\/p>\n\n\n\n<p>Ona je pojasnila da \u0107e Bijela ku\u0107a donijeti odluku koja \u0107e osigurati nacionalnu bezbjednost SAD.<\/p>\n\n\n\n<p><strong>U zoru nastavljeni udari IDF na jug Libana<\/strong><\/p>\n\n\n\n<p>Dva vojnika Izraelskih odbrambenih snaga (IDF) ranjena su u napadu dvojice boraca u selu Silvad na jugu Libana, saop\u0161tio je IDF, navode\u0107i da je jedan napada\u010d ubijen, a drugi uhap\u0161en.<\/p>\n\n\n\n<p>Ranjeni vojnici su evakuisani radi pru\u017eanja medicinske pomo\u0107i, prenijela je Al D\u017eazira.<\/p>\n\n\n\n<p>Prema navodima libanske nacionalne novinske agencije, vazdu\u0161ni udari izvedeni su u zoru na grad Hanin, gdje je uni\u0161teno vi\u0161e ku\u0107a.<\/p>\n\n\n\n<p>Napadi su uslijedili nakon no\u0107nih eksplozija u Nakuri, kao i vazdu\u0161nih i artiljerijskih dejstava u gradu Kjam.<\/p>\n\n\n\n<p><strong>EU pozvala da se postigne rje\u0161enje o dvije dr\u017eave na Bliskom istoku<\/strong><\/p>\n\n\n\n<p>Evropska unija pozvala je tokom debate o situaciji na Bliskom istoku u Savjetu bezbjednosti Ujedinjenih nacija puno po\u0161tovanje primirja na Bliskom istoku i ponovila podr\u0161ku rje\u0161enju zasnovanom na dvije dr\u017eave.<\/p>\n\n\n\n<p>U izjavi koju je iznio \u0161ef Delegacije Evropske unije pri Ujedinjenim nacijama Stavros Lambrinidis, EU je pozdravila primirje izme\u0111u Sjedinjenih Ameri\u010dkih Dr\u017eava i Irana, kao i sporazum izme\u0111u Izraela i Libana, uz apel svim stranama da obustave vojne operacije i po\u0161tuju me\u0111unarodno pravo, navedeno je u saop\u0161tenju EU.<\/p>\n\n\n\n<p>Posebno je nagla\u0161ena potreba za slobodom plovidbe kroz Ormuski moreuz i podr\u017ean plan Me\u0111unarodne pomorske organizacije za osloba\u0111anje brodova i pomoraca zarobljenih u Persijskom zalivu.<\/p>\n\n\n\n<p>EU je izrazila ozbiljnu zabrinutost zbog pogor\u0161anja situacije u Gazi i na Zapadnoj obali, uklju\u010duju\u0107i isto\u010dni Jerusalim, ukazuju\u0107i na te\u0161ku humanitarnu krizu i pozivaju\u0107i Izrael da omogu\u0107i nesmetan pristup pomo\u0107i i rad humanitarnih organizacija, uklju\u010duju\u0107i i Agenciju UN za pomo\u0107 i rad sa palestinskim izbjeglicama na Bliskom istoku.<\/p>\n\n\n\n<p>U saop\u0161tenju se osu\u0111uju i jednostrane akcije Izraela na Zapadnoj obali, koje je Me\u0111unarodni sud pravde ocijenio nezakonitim, kao i nasilje doseljenika nad palestinskim civilima.<\/p>\n\n\n\n<p>EU je, tako\u0111e, najavila nastavak rada na restriktivnim mjerama protiv odgovornih aktera.<\/p>\n\n\n\n<p>Unija je ponovila i posve\u0107enost postizanju trajnog mira kroz rje\u0161enje o dvije dr\u017eave, u kojem bi Izrael i Palestina koegzistirali u sigurnim i priznatim granicama, uz podr\u0161ku me\u0111unarodnih inicijativa i ja\u010danje palestinskih institucija.<\/p>\n\n\n\n<p>Tako\u0111e je istaknuta posve\u0107enost EU podr\u0161ci mirnoj i inkluzivnoj tranziciji u Siriji, uz po\u0161tovanje prava svih gra\u0111ana bez diskriminacije.<\/p>\n\n\n\n<p><strong>Nebenzja: Rusija ne vidi rezultate rada Odbora za mir u Gazi<\/strong><\/p>\n\n\n\n<p>Stalni predstavnik Rusije pri Ujedinjenim nacijama Vasilij Nebenzja izjavio je da Moskva ne vidi opipljive rezultate rada Odbora za mir u vezi sa Pojasom Gaze, kao i da se umjesto toga vide &#8222;poku\u0161aji da se Palestinci potkupe atraktivnim poslovnim projektima, umjesto da se rije\u0161i slo\u017eeno politi\u010dko pitanje&#8220;.<\/p>\n\n\n\n<p>&#8222;Ne vidimo nikakve opipljive rezultate rada Odbora za mir. Sprovo\u0111enje Rezolucije 2803 Savjeta bezbjednosti, usvojene prije pet mjeseci na inicijativu Va\u0161ingtona, tako\u0111e je zastalo&#8220;, rekao je Nebenzja tokom sastanka Savjeta bezbjednosti UN o situaciji na Bliskom istoku.<\/p>\n\n\n\n<p>Podsjetio je i da ni me\u0111unarodne stabilizacione snage jo\u0161 nisu raspore\u0111ene u Gazi, dodaju\u0107i da je od prekida vatre izme\u0111u Izraela i palestinskog pokreta Hamas 10. oktobra pro\u0161le godine, &#8222;800 Palestinaca ubijeno&#8220;.<\/p>\n\n\n\n<p>&#8222;Na\u0161a surova predvi\u0111anja su se ostvarila. Svjedoci smo poku\u0161aja da se Palestinci bukvalno potkupe atraktivnim poslovnim projektima u stilu &#8216;Nove Gaze&#8217;, umjesto da se pozabavimo slo\u017eenim politi\u010dkim pitanjem stvaranja sopstvene nezavisne palestinske dr\u017eave sa glavnim gradom u Isto\u010dnom Jerusalimu i na osnovu granica iz 1967. godine&#8220;, rekao je Nebenzja.<\/p>\n\n\n\n<p>Predstavnici 19 zemalja potpisali su 22. januara Povelju Odbora za mir, koji je na predlog ameri\u010dkog predsjednika Donalda Trampa osnovan kao dio mirovnog rje\u0161enja u Pojasu Gaze, na marginama Svjetskog ekonomskog foruma u Davosu.<\/p>\n\n\n\n<p><strong>Tramp: Kralj \u010carls ne \u017eeli da Iran ima nuklearno oru\u017eje<\/strong><\/p>\n\n\n\n<p>Predsjednik Donald Tramp izjavio je da britanski kralj \u010carls Tre\u0107i, koji je u posjeti Va\u0161ingtonu, ne \u017eeli da Iran ima nuklearno oru\u017eje.<\/p>\n\n\n\n<p>Na dr\u017eavnoj ve\u010deri u Bijeloj ku\u0107i za kralja \u010carlsa, Tramp je izjavio da SAD &#8222;trenutno rade malo na Bliskom istoku i ide im veoma dobro&#8220;.<\/p>\n\n\n\n<p>&#8222;Vojno smo pobijedili protivnika i nikada mu ne\u0107emo dozvoliti, \u010carls se sla\u017ee sa mnom \u010dak i vi\u0161e nego ja, da ima nuklearno oru\u017eje&#8220;, rekao je Tramp.<\/p>","protected":false},"excerpt":{"rendered":"<p>Cijena nafte i dalje u porastu zbog neizvjesnosti u Ormuskom moreuzu \u2013 cijena barela je 111 dolara. Predsjednik SAD Donald Tramp poru\u010dio je da je Iran u &#8222;stanju kolapsa&#8220; i da je Teheran tra\u017eio da se moreuz \u0161to prije otvori. Iz Irana poru\u010duju da \u0107e dozvoliti prolaz Ormuskim moreuzom poslije rata samo u skladu s protokolima.<\/p>","protected":false},"author":8,"featured_media":936170,"comment_status":"open","ping_status":"open","sticky":false,"template":"","format":"standard","meta":{"_acf_changed":false,"footnotes":"","jetpack_publicize_message":"","jetpack_publicize_feature_enabled":true,"jetpack_social_post_already_shared":true,"jetpack_social_options":{"image_generator_settings":{"template":"highway","default_image_id":0,"font":"","enabled":false},"version":2}},"categories":[14],"tags":[2008,1524,20169,70],"naslovna":[910],"class_list":["post-963623","post","type-post","status-publish","format-standard","has-post-thumbnail","hentry","category-svijet","tag-cijene-goriva","tag-iran","tag-ormuski-moreuz","tag-sad","naslovna-preporuceno"],"acf":[],"jetpack_publicize_connections":[],"_links":{"self":[{"href":"https:\/\/gradski.me\/en\/wp-json\/wp\/v2\/posts\/963623","targetHints":{"allow":["GET"]}}],"collection":[{"href":"https:\/\/gradski.me\/en\/wp-json\/wp\/v2\/posts"}],"about":[{"href":"https:\/\/gradski.me\/en\/wp-json\/wp\/v2\/types\/post"}],"author":[{"embeddable":true,"href":"https:\/\/gradski.me\/en\/wp-json\/wp\/v2\/users\/8"}],"replies":[{"embeddable":true,"href":"https:\/\/gradski.me\/en\/wp-json\/wp\/v2\/comments?post=963623"}],"version-history":[{"count":1,"href":"https:\/\/gradski.me\/en\/wp-json\/wp\/v2\/posts\/963623\/revisions"}],"predecessor-version":[{"id":963629,"href":"https:\/\/gradski.me\/en\/wp-json\/wp\/v2\/posts\/963623\/revisions\/963629"}],"wp:featuredmedia":[{"embeddable":true,"href":"https:\/\/gradski.me\/en\/wp-json\/wp\/v2\/media\/936170"}],"wp:attachment":[{"href":"https:\/\/gradski.me\/en\/wp-json\/wp\/v2\/media?parent=963623"}],"wp:term":[{"taxonomy":"category","embeddable":true,"href":"https:\/\/gradski.me\/en\/wp-json\/wp\/v2\/categories?post=963623"},{"taxonomy":"post_tag","embeddable":true,"href":"https:\/\/gradski.me\/en\/wp-json\/wp\/v2\/tags?post=963623"},{"taxonomy":"naslovna","embeddable":true,"href":"https:\/\/gradski.me\/en\/wp-json\/wp\/v2\/naslovna?post=963623"}],"curies":[{"name":"wp","href":"https:\/\/api.w.org\/{rel}","templated":true}]}}