{"id":963621,"date":"2026-04-29T08:27:00","date_gmt":"2026-04-29T06:27:00","guid":{"rendered":"https:\/\/gradski.me\/?p=963621"},"modified":"2026-04-29T08:28:46","modified_gmt":"2026-04-29T06:28:46","slug":"kadic-ocekujem-da-ce-uo-ponovo-pokusati-da-donese-nezakonitu-odluku","status":"publish","type":"post","link":"https:\/\/gradski.me\/en\/drustvo\/kadic-ocekujem-da-ce-uo-ponovo-pokusati-da-donese-nezakonitu-odluku\/","title":{"rendered":"Kadi\u0107: O\u010dekujem da \u0107e UO ponovo poku\u0161ati da donese nezakonitu odluku"},"content":{"rendered":"<p><\/p>\n\n\n\n<p>\u201eUpravni sud poni\u0161tio je odluku Upravnog odbora kojom sam smijenjen. Po automatizmu, moj mandat i dalje traje. Tako da tu ne bi trebalo da bude nikakve dileme\u201c, istakao je Kadi\u0107.<\/p>\n\n\n\n<p>Pozvao je Upravni odbor da se pona\u0161a odgovorno.<\/p>\n\n\n\n<p>\u201eVidim da su zakazali za 5. maj sjednicu UO. Oni su to morali da urade isti ili naredni dan. Upravni odbor ima samo deklarativnu ulogu, samo treba da potvrdi presudu Upravnog suda. Me\u0111utim, o\u010dekujem da UO, odnosno predsjednik UO, njegova zamjenica i dva \u010dlana ispred Vlade, ponovo spremaju neku igru zajedno sa ministrom Vojislavom \u0160imunom i da \u0107e oni na neki na\u010din ponovo poku\u0161ati da donesu neku vrstu nezakonite odluke \u2013 ili da mene ponovo razrije\u0161e ili da silom na sramotu produ\u017ee v. d. status gospodinu Ru\u017ei\u0107u\u201c, istakao je Kadi\u0107.<\/p>","protected":false},"excerpt":{"rendered":"<p>Nema dileme, ka\u017ee smijenjeni, pa odlukom Upravnog suda vra\u0107eni direktor Fonda za zdravstveno osiguranje, Vuk Kadi\u0107, da njegov mandat i dalje traje. On je za RTCG poru\u010dio da je sjednica Upravnog odbora trebalo da bude zakazana odmah, a ne za 5. maj, te poziva \u010dlanove odbora da se pona\u0161aju odgovorno. Ka\u017ee da o\u010dekuje da dio \u010dlanova UO ponovo donese neku vrstu nezakonite odluke.<\/p>","protected":false},"author":8,"featured_media":635683,"comment_status":"open","ping_status":"open","sticky":false,"template":"","format":"standard","meta":{"_acf_changed":false,"footnotes":"","jetpack_publicize_message":"","jetpack_publicize_feature_enabled":true,"jetpack_social_post_already_shared":false,"jetpack_social_options":{"image_generator_settings":{"template":"highway","default_image_id":0,"font":"","enabled":false},"version":2}},"categories":[9],"tags":[4502,4804],"naslovna":[908],"class_list":["post-963621","post","type-post","status-publish","format-standard","has-post-thumbnail","hentry","category-drustvo","tag-fond-za-zdravstveno-osiguranje","tag-vuk-kadic","naslovna-izdvajamo"],"acf":[],"jetpack_publicize_connections":[],"_links":{"self":[{"href":"https:\/\/gradski.me\/en\/wp-json\/wp\/v2\/posts\/963621","targetHints":{"allow":["GET"]}}],"collection":[{"href":"https:\/\/gradski.me\/en\/wp-json\/wp\/v2\/posts"}],"about":[{"href":"https:\/\/gradski.me\/en\/wp-json\/wp\/v2\/types\/post"}],"author":[{"embeddable":true,"href":"https:\/\/gradski.me\/en\/wp-json\/wp\/v2\/users\/8"}],"replies":[{"embeddable":true,"href":"https:\/\/gradski.me\/en\/wp-json\/wp\/v2\/comments?post=963621"}],"version-history":[{"count":1,"href":"https:\/\/gradski.me\/en\/wp-json\/wp\/v2\/posts\/963621\/revisions"}],"predecessor-version":[{"id":963622,"href":"https:\/\/gradski.me\/en\/wp-json\/wp\/v2\/posts\/963621\/revisions\/963622"}],"wp:featuredmedia":[{"embeddable":true,"href":"https:\/\/gradski.me\/en\/wp-json\/wp\/v2\/media\/635683"}],"wp:attachment":[{"href":"https:\/\/gradski.me\/en\/wp-json\/wp\/v2\/media?parent=963621"}],"wp:term":[{"taxonomy":"category","embeddable":true,"href":"https:\/\/gradski.me\/en\/wp-json\/wp\/v2\/categories?post=963621"},{"taxonomy":"post_tag","embeddable":true,"href":"https:\/\/gradski.me\/en\/wp-json\/wp\/v2\/tags?post=963621"},{"taxonomy":"naslovna","embeddable":true,"href":"https:\/\/gradski.me\/en\/wp-json\/wp\/v2\/naslovna?post=963621"}],"curies":[{"name":"wp","href":"https:\/\/api.w.org\/{rel}","templated":true}]}}