{"id":963619,"date":"2026-04-29T08:18:00","date_gmt":"2026-04-29T06:18:00","guid":{"rendered":"https:\/\/gradski.me\/?p=963619"},"modified":"2026-04-29T08:06:44","modified_gmt":"2026-04-29T06:06:44","slug":"saranovic-danas-u-skupstini-poslanici-ga-pitaju-o-bezbjednosti-milosu-medenici-lidiji-mitrovic-oduzimanju-imovine","status":"publish","type":"post","link":"https:\/\/gradski.me\/en\/politika\/saranovic-danas-u-skupstini-poslanici-ga-pitaju-o-bezbjednosti-milosu-medenici-lidiji-mitrovic-oduzimanju-imovine\/","title":{"rendered":"\u0160aranovi\u0107 danas u Skup\u0161tini: Poslanici ga pitaju o bezbjednosti, Milo\u0161u Medenici, Lidiji Mitrovi\u0107, oduzimanju imovine\u2026"},"content":{"rendered":"<p><\/p>\n\n\n\n<p>\u0160ef Poslani\u010dkog kluba Demokrata Boris Bogdanovi\u0107 zatra\u017eio je od ministra podatke o rezultatima finansijskih istraga od formiranja 44. Vlade, posebno u dijelu privremenog blokiranja i trajnog oduzimanja imovine ste\u010dene kriminalnom djelatno\u0161\u0107u.<\/p>\n\n\n\n<p>\u201eOd formiranja 44. Vlade Crne Gore, koliko je ukupno, po osnovu finansijskih istraga i postupaka za oduzimanje imovinske koristi ste\u010dene kriminalnom djelatno\u0161\u0107u, privremeno blokirano, a koliko trajno oduzeto imovine\u201c, pitao je Bogdanovi\u0107.<\/p>\n\n\n\n<p>On tra\u017ei pregled po vrstama imovine \u2013 od stanova, ku\u0107a, poslovnih prostora i zemlji\u0161ta, do luksuznih automobila, plovila, satova, nakita, novca u ke\u0161u i na ra\u010dunima, kao i udjela u privrednim dru\u0161tvima.<\/p>\n\n\n\n<p>Bogdanovi\u0107a interesuje i kolika je procijenjena ukupna vrijednost blokirane i trajno oduzete imovine, koliko je finansijskih istraga pokrenuto, te da li je postoje\u0107i institucionalni i normativni okvir dovoljan za efikasno oduzimanje imovinske koristi ste\u010dene kriminalom.<\/p>\n\n\n\n<p>Poslanik Demokrata Mom\u010dilo Lekovi\u0107 postavio je pitanje o bira\u010dkom spisku.<\/p>\n\n\n\n<p>\u201eKako se bli\u017ee redovni parlamentarni izbori, pitanje bira\u010dkog spiska ponovo postaje jedna od najaktuelnijih tema. \u0160ta je Ministarstvo unutra\u0161njih poslova uradilo po pitanju a\u017euriranja bira\u010dkog spiska\u201c, naveo je Lekovi\u0107.<\/p>\n\n\n\n<p>Njegov partijski kolega Albin \u0106eman tra\u017ei ocjenu stanja bezbjednosti saobra\u0107aja i efekte novog Zakona o bezbjednosti saobra\u0107aja na putevima.<\/p>\n\n\n\n<p>\u201eKako ocjenjujete trenutno stanje bezbjednosti na putevima i koje \u0107e novine imati direktan uticaj na smanjenje broja saobra\u0107ajnih nezgoda i stradalih\u201c, pitao je \u0106eman.<\/p>\n\n\n\n<p>Poslanik DPS-a Oskar Huter pita o optu\u017ebama koje je Neboj\u0161a Medojevi\u0107 iznio na ra\u010dun glavnog specijalnog tu\u017eioca Vladimira Novovi\u0107a, navode\u0107i da dostavlja povjerljive informacije Miodragu Daki Davidovi\u0107u.<\/p>\n\n\n\n<p>\u201eDa li je Uprava policije preduzela bilo kakve aktivnosti u odnosu na navedeno i da li \u0107e javnost biti informisana o rezultatima eventualnih provjera\u201c, pitao je Huter.<\/p>\n\n\n\n<p>Poslanik Evropskog saveza Nikola Zirojevi\u0107 tra\u017ei odgovor o slu\u010daju odbjeglog Milo\u0161a Medenice, podsje\u0107aju\u0107i na raniju izjavu ministra da zna ko je bio logisti\u010dka podr\u0161ka njegovom bjekstvu, ali i na informacije da policija intenzivno radi na lociranju biv\u0161e specijalne tu\u017eiteljke Lidije Mitrovi\u0107.<\/p>\n\n\n\n<p>\u201ePo\u010detkom februara ove godine izjavili ste da znate ko je bio logisti\u010dka podr\u0161ka za bjekstvo Milo\u0161a Medenice. Istovremeno, direktor policije je saop\u0161tio da aktivnosti na lociranju odbjeglih Milo\u0161a Medenice i Lidije Mitrovi\u0107 idu u dobrom pravcu. \u0160ta ste, u me\u0111uvremenu, ovim povodom preduzeli i da li ste postigli bilo kakve realne rezultate\u201c, naveo je Zirojevi\u0107.<\/p>\n\n\n\n<p>On od ministra tra\u017ei informacije o tome da li su preduzete konkretne operativne mjere, da li je identifikovana mre\u017ea pomo\u0107i odbjeglim licima, kao i da li postoji napredak u njihovom lociranju i eventualnom izru\u010denju crnogorskim pravosudnim organima.<\/p>\n\n\n\n<p>Poslanica SNP-a Sla\u0111ana Kalu\u0111erovi\u0107 pita da li bezbjednosni sektor raspola\u017ee procjenama da su napadi na institucije poja\u010dani nakon posljednjih hap\u0161enja i otvaranja pitanja odgovornosti pojedinaca koji su, kako navodi, godinama va\u017eili za nedodirljive centre mo\u0107i.<\/p>\n\n\n\n<p>Velimira \u0110okovi\u0107a iz Nove srpske demokratije interesuje se da li MUP mo\u017ee ustupiti karaulu u mjestu \u0110uli\u0107i, u op\u0161tini Andrijevica, toj lokalnoj samoupravi za turisti\u010dke svrhe.<\/p>\n\n\n\n<p>Nezavisna poslanica Radinka \u0106in\u0107ur pita dokle se stiglo sa istragama u slu\u010dajevima paljenja imovine carinskih slu\u017ebenika iz 2017. godine, podsje\u0107aju\u0107i na vi\u0161e zapaljenih vozila u Podgorici i Baru.<\/p>\n\n\n\n<p><\/p>","protected":false},"excerpt":{"rendered":"<p>Ministar unutra\u0161njih poslova Danilo \u0160aranovi\u0107 danas \u0107e u Skup\u0161tini Crne Gore odgovarati na pitanja poslanika. Po\u010detak zasijedanja zakazan je za 13 \u010dasova.<\/p>","protected":false},"author":8,"featured_media":935345,"comment_status":"open","ping_status":"open","sticky":false,"template":"","format":"standard","meta":{"_acf_changed":false,"footnotes":"","jetpack_publicize_message":"","jetpack_publicize_feature_enabled":true,"jetpack_social_post_already_shared":true,"jetpack_social_options":{"image_generator_settings":{"template":"highway","default_image_id":0,"font":"","enabled":false},"version":2}},"categories":[7],"tags":[389,100],"naslovna":[908],"class_list":["post-963619","post","type-post","status-publish","format-standard","has-post-thumbnail","hentry","category-politika","tag-danilo-saranovic","tag-skupstina-crne-gore","naslovna-izdvajamo"],"acf":[],"jetpack_publicize_connections":[],"_links":{"self":[{"href":"https:\/\/gradski.me\/en\/wp-json\/wp\/v2\/posts\/963619","targetHints":{"allow":["GET"]}}],"collection":[{"href":"https:\/\/gradski.me\/en\/wp-json\/wp\/v2\/posts"}],"about":[{"href":"https:\/\/gradski.me\/en\/wp-json\/wp\/v2\/types\/post"}],"author":[{"embeddable":true,"href":"https:\/\/gradski.me\/en\/wp-json\/wp\/v2\/users\/8"}],"replies":[{"embeddable":true,"href":"https:\/\/gradski.me\/en\/wp-json\/wp\/v2\/comments?post=963619"}],"version-history":[{"count":1,"href":"https:\/\/gradski.me\/en\/wp-json\/wp\/v2\/posts\/963619\/revisions"}],"predecessor-version":[{"id":963620,"href":"https:\/\/gradski.me\/en\/wp-json\/wp\/v2\/posts\/963619\/revisions\/963620"}],"wp:featuredmedia":[{"embeddable":true,"href":"https:\/\/gradski.me\/en\/wp-json\/wp\/v2\/media\/935345"}],"wp:attachment":[{"href":"https:\/\/gradski.me\/en\/wp-json\/wp\/v2\/media?parent=963619"}],"wp:term":[{"taxonomy":"category","embeddable":true,"href":"https:\/\/gradski.me\/en\/wp-json\/wp\/v2\/categories?post=963619"},{"taxonomy":"post_tag","embeddable":true,"href":"https:\/\/gradski.me\/en\/wp-json\/wp\/v2\/tags?post=963619"},{"taxonomy":"naslovna","embeddable":true,"href":"https:\/\/gradski.me\/en\/wp-json\/wp\/v2\/naslovna?post=963619"}],"curies":[{"name":"wp","href":"https:\/\/api.w.org\/{rel}","templated":true}]}}