{"id":963611,"date":"2026-04-29T07:23:00","date_gmt":"2026-04-29T05:23:00","guid":{"rendered":"https:\/\/gradski.me\/?p=963611"},"modified":"2026-04-29T07:19:05","modified_gmt":"2026-04-29T05:19:05","slug":"bijelo-polje-brutalan-napad-na-medicinskog-tehnicara-uprava-bolnice-trazi-hitnu-reakciju","status":"publish","type":"post","link":"https:\/\/gradski.me\/en\/hronika\/bijelo-polje-brutalan-napad-na-medicinskog-tehnicara-uprava-bolnice-trazi-hitnu-reakciju\/","title":{"rendered":"Bijelo Polje: Brutalan napad na medicinskog tehni\u010dara, uprava bolnice tra\u017ei hitnu reakciju"},"content":{"rendered":"<p><\/p>\n\n\n\n<p>U saop\u0161tenju isti\u010du da je incident, koji se dogodio danas, dodatno produbio zabrinutost za bezbjednost zdravstvenih radnika.<\/p>\n\n\n\n<p>\u201eDok medicinski radnici svakodnevno ula\u017eu nadljudske napore da spasu tu\u0111e \u017eivote, njihova sopstvena bezbjednost je ugro\u017eena\u201c, navodi se u reagovanju.<\/p>\n\n\n\n<p>Iz bolnice upozoravaju da napad nije izolovan slu\u010daj, ve\u0107 posljedica, kako tvrde, dugotrajnog sistemskog zanemarivanja za\u0161tite zaposlenih u zdravstvu.<\/p>\n\n\n\n<p>\u201eDok je obavljao svoj humanitarni poziv, medicinski tehni\u010dar je postao \u017ertva brutalnog fizi\u010dkog nasilja na svom radnom mjestu. Ovaj incident nije izolovan slu\u010daj, ve\u0107 kulminacija sistemskog zanemarivanja bezbjednosti onih koji spasavaju \u017eivote\u201c, isti\u010de menad\u017ement.<\/p>\n\n\n\n<p>Nagla\u0161avaju da posljedice ovakvih napada prevazilaze pojedina\u010dne slu\u010dajeve i direktno uti\u010du na funkcionisanje zdravstvenog sistema.<\/p>\n\n\n\n<p>\u201eNapad na medicinskog tehni\u010dara danas je napad na sigurnost svakog pacijenta koji \u010deka na pomo\u0107. Kada ljekari i tehni\u010dari rade u strahu, cijeli sistem je paralisan\u201c, upozoravaju iz bolnice.<\/p>\n\n\n\n<p>Podsje\u0107aju i na obim rada ustanove, navode\u0107i da je tokom pro\u0161le godine kroz specijalisti\u010dke i u\u017eespecijalisti\u010dke ambulante pregledano oko 80.000 pacijenata, uz vi\u0161e od 2.000 operativnih zahvata.<\/p>\n\n\n\n<p>\u201eOvi podaci jasno govore o ogromnom obimu posla, stru\u010dnosti i posve\u0107enosti osoblja koje opslu\u017euje ne samo Bijelo Polje, ve\u0107 i \u0161iri sjeverni region. Umjesto zahvalnosti za ovakvu statistiku i trud, na\u0161i zaposleni dobijaju udarce\u201c, poru\u010duje menad\u017ement.<\/p>\n\n\n\n<p>Na kraju apela zahtijevaju hitnu i odlu\u010dnu reakciju nadle\u017enih kako bi se obezbijedila adekvatna za\u0161tita medicinskih radnika i sprije\u010dili sli\u010dni incidenti u budu\u0107nosti.<\/p>","protected":false},"excerpt":{"rendered":"<p>Menad\u017ement Op\u0161ta bolnica Bijelo Polje uputio je hitan apel javnosti i nadle\u017enim institucijama nakon, kako navode, jo\u0161 jednog brutalnog fizi\u010dkog napada na medicinskog tehni\u010dara tokom obavljanja du\u017enosti.<\/p>","protected":false},"author":8,"featured_media":945831,"comment_status":"open","ping_status":"open","sticky":false,"template":"","format":"standard","meta":{"_acf_changed":false,"footnotes":"","jetpack_publicize_message":"","jetpack_publicize_feature_enabled":true,"jetpack_social_post_already_shared":true,"jetpack_social_options":{"image_generator_settings":{"template":"highway","default_image_id":0,"font":"","enabled":false},"version":2}},"categories":[10],"tags":[7634,1587],"naslovna":[910],"class_list":["post-963611","post","type-post","status-publish","format-standard","has-post-thumbnail","hentry","category-hronika","tag-bolnica-bijelo-polje","tag-napad","naslovna-preporuceno"],"acf":[],"jetpack_publicize_connections":[],"_links":{"self":[{"href":"https:\/\/gradski.me\/en\/wp-json\/wp\/v2\/posts\/963611","targetHints":{"allow":["GET"]}}],"collection":[{"href":"https:\/\/gradski.me\/en\/wp-json\/wp\/v2\/posts"}],"about":[{"href":"https:\/\/gradski.me\/en\/wp-json\/wp\/v2\/types\/post"}],"author":[{"embeddable":true,"href":"https:\/\/gradski.me\/en\/wp-json\/wp\/v2\/users\/8"}],"replies":[{"embeddable":true,"href":"https:\/\/gradski.me\/en\/wp-json\/wp\/v2\/comments?post=963611"}],"version-history":[{"count":1,"href":"https:\/\/gradski.me\/en\/wp-json\/wp\/v2\/posts\/963611\/revisions"}],"predecessor-version":[{"id":963612,"href":"https:\/\/gradski.me\/en\/wp-json\/wp\/v2\/posts\/963611\/revisions\/963612"}],"wp:featuredmedia":[{"embeddable":true,"href":"https:\/\/gradski.me\/en\/wp-json\/wp\/v2\/media\/945831"}],"wp:attachment":[{"href":"https:\/\/gradski.me\/en\/wp-json\/wp\/v2\/media?parent=963611"}],"wp:term":[{"taxonomy":"category","embeddable":true,"href":"https:\/\/gradski.me\/en\/wp-json\/wp\/v2\/categories?post=963611"},{"taxonomy":"post_tag","embeddable":true,"href":"https:\/\/gradski.me\/en\/wp-json\/wp\/v2\/tags?post=963611"},{"taxonomy":"naslovna","embeddable":true,"href":"https:\/\/gradski.me\/en\/wp-json\/wp\/v2\/naslovna?post=963611"}],"curies":[{"name":"wp","href":"https:\/\/api.w.org\/{rel}","templated":true}]}}