{"id":963529,"date":"2026-04-29T08:47:00","date_gmt":"2026-04-29T06:47:00","guid":{"rendered":"https:\/\/gradski.me\/?p=963529"},"modified":"2026-04-29T08:33:33","modified_gmt":"2026-04-29T06:33:33","slug":"orban-ponudio-ostavku-na-funkciju-predsjednika-fidesa","status":"publish","type":"post","link":"https:\/\/gradski.me\/en\/svijet\/orban-ponudio-ostavku-na-funkciju-predsjednika-fidesa\/","title":{"rendered":"Orban ponudio ostavku na funkciju predsjednika Fidesa"},"content":{"rendered":"<p><\/p>\n\n\n\n<p>Fides \u0107e o novom rukovodstvu glasati 13. juna, kazao je poslanik&nbsp;<strong>Erik Banki<\/strong>, a citirala ga je dr\u017eavna novinska agencija MTI. Iz Fidesa nakon toga nisu odgovorili na zahtjeve za komentar.<\/p>\n\n\n\n<p>Poslije izbornog poraza, Orban je rekao da kao predsjednik Fidesa preuzima \u201cpunu odgovornost\u201d i ocijenio da je ma\u0111arskoj desnici potrebna \u201cpotpuna obnova\u201d, prenosi Hina.<\/p>\n\n\n\n<p>U subotu je u videu objavljenom na Fejsbuku rekao da ne\u0107e biti poslanik u parlamentu, ve\u0107 da \u0107e mandat vratiti stranci.<\/p>\n\n\n\n<p>\u201cTrenutno nisam potreban u parlamentu, ve\u0107 u reorganizaciji desnice\u201d, rekao je Orban i dodao da rukovodstvo Fidesa \u017eeli da on ostane na \u010delu stranke i da je spreman za to, ako tako bude odlu\u010deno na kongresu.<\/p>","protected":false},"excerpt":{"rendered":"<p>Odlaze\u0107i ma\u0111arski premijer\u00a0Viktor Orban\u00a0ponudio je danas ostavku na funkciju predsjednika Fidesa, a na strana\u010dkoj skup\u0161tini, koja je zakazana za jun, bi\u0107e odlu\u010deno da li \u0107e ona biti prihva\u0107ena.<\/p>","protected":false},"author":13,"featured_media":824487,"comment_status":"open","ping_status":"open","sticky":false,"template":"","format":"standard","meta":{"_acf_changed":false,"footnotes":"","jetpack_publicize_message":"","jetpack_publicize_feature_enabled":true,"jetpack_social_post_already_shared":true,"jetpack_social_options":{"image_generator_settings":{"template":"highway","default_image_id":0,"font":"","enabled":false},"version":2}},"categories":[14],"tags":[218,1091],"naslovna":[],"class_list":["post-963529","post","type-post","status-publish","format-standard","has-post-thumbnail","hentry","category-svijet","tag-madjarska","tag-viktor-orban"],"acf":[],"jetpack_publicize_connections":[],"_links":{"self":[{"href":"https:\/\/gradski.me\/en\/wp-json\/wp\/v2\/posts\/963529","targetHints":{"allow":["GET"]}}],"collection":[{"href":"https:\/\/gradski.me\/en\/wp-json\/wp\/v2\/posts"}],"about":[{"href":"https:\/\/gradski.me\/en\/wp-json\/wp\/v2\/types\/post"}],"author":[{"embeddable":true,"href":"https:\/\/gradski.me\/en\/wp-json\/wp\/v2\/users\/13"}],"replies":[{"embeddable":true,"href":"https:\/\/gradski.me\/en\/wp-json\/wp\/v2\/comments?post=963529"}],"version-history":[{"count":1,"href":"https:\/\/gradski.me\/en\/wp-json\/wp\/v2\/posts\/963529\/revisions"}],"predecessor-version":[{"id":963530,"href":"https:\/\/gradski.me\/en\/wp-json\/wp\/v2\/posts\/963529\/revisions\/963530"}],"wp:featuredmedia":[{"embeddable":true,"href":"https:\/\/gradski.me\/en\/wp-json\/wp\/v2\/media\/824487"}],"wp:attachment":[{"href":"https:\/\/gradski.me\/en\/wp-json\/wp\/v2\/media?parent=963529"}],"wp:term":[{"taxonomy":"category","embeddable":true,"href":"https:\/\/gradski.me\/en\/wp-json\/wp\/v2\/categories?post=963529"},{"taxonomy":"post_tag","embeddable":true,"href":"https:\/\/gradski.me\/en\/wp-json\/wp\/v2\/tags?post=963529"},{"taxonomy":"naslovna","embeddable":true,"href":"https:\/\/gradski.me\/en\/wp-json\/wp\/v2\/naslovna?post=963529"}],"curies":[{"name":"wp","href":"https:\/\/api.w.org\/{rel}","templated":true}]}}