{"id":963511,"date":"2026-04-28T21:08:00","date_gmt":"2026-04-28T19:08:00","guid":{"rendered":"https:\/\/gradski.me\/?p=963511"},"modified":"2026-04-28T20:49:09","modified_gmt":"2026-04-28T18:49:09","slug":"vujovic-kiz-jacanje-saradnje-crne-gore-i-sad-u-kulturi-i-medijima","status":"publish","type":"post","link":"https:\/\/gradski.me\/en\/kultura\/vujovic-kiz-jacanje-saradnje-crne-gore-i-sad-u-kulturi-i-medijima\/","title":{"rendered":"Vujovi\u0107-Kiz: Strengthening cooperation between Montenegro and the USA in culture and media"},"content":{"rendered":"<p><\/p>\n\n\n\n<p><\/p>\n\n\n\n<p>To je zaklju\u010deno na sastanku ministarke kulture i medija Tamara Vujovi\u0107 i otpravnika poslova ad interim Ambasade SAD u Podgorici Majkla Kiza.<\/p>\n\n\n\n<p>Zahvalni smo na kontinuiranoj podr\u0161ci koju SAD pru\u017ea crnogorskim institucijama i organizacijama civilnog dru\u0161tva u procesu izgradnje kapaciteta u razli\u010ditim oblastima djelovanja, a posebno na podr\u0161ci u institucionalnom, organizacionom i finansijskom smislu u temama vezanim za slobodu medija, borbu protiv govora mr\u017enje i dezinformacija &#8211; kazala je Vujovi\u0107.<\/p>\n\n\n\n<p>Crna Gora je zemlja s bogatim kulturnim naslje\u0111em, zato je neophodno konstantno ulaganje u o\u010duvanje i valorizaciju nepokretnih kulturnih dobara &#8211; rekla je Vujovi\u0107 i podsjetila na zna\u010daj Ambasadorovog fonda za o\u010duvanje kulturne ba\u0161tine (AFCP), u okviru kojeg je u prethodnim godinama realizovan veliki broj projekata valorizacije i o\u010duvanja kulturnih dobara u Crnoj Gori.<\/p>\n\n\n\n<p>Zakonom o kinematografiji, Crna Gora pru\u017ea podsticajne mjere stranim koproducentima za snimanje u Crnoj Gori, te bi saradnja sa ameri\u010dkim producentskim ku\u0107ama znatno doprinijela razvoju sektora u Crnoj Gori &#8211; rekla je Vujovi\u0107.<\/p>\n\n\n\n<p>Otpravnik poslova u Ambasadi SAD Majkl Kiz pokazao je posebno interesovanje za medijsko zakonodavstvo i konstatovao medijski pluralizam koji postoji u Crnoj Gori.<\/p>\n\n\n\n<p><br>Kiz je izrazio zadovoljstvo \u0161to dvije dr\u017eave imaju priliku za dalje ja\u010danje veza u oblasti kulture, kao i \u0161to je u prethodnom periodu veliki broj profesionalaca iz Crne Gore iz razli\u010ditih oblasti djelovanja imao priliku da u\u010destvuje u International Visitor Leadership Program-u (IVLP) ameri\u010dke vlade.<\/p>\n\n\n\n<p>Sagovornici su posebno istakli va\u017enost Fulbright Specialist Program-a, u okviru kojeg je u oktobru 2024. godine u Crnoj Gori boravila ekspertkinja iz muzejske djelatnosti Holis Gilespi, i zahvaljuju\u0107i kojem je ove godine Vlada Crne Gore ugostila eksperta za kriznu komunikaciju Dastina Jorka &#8211; pi\u0161e u saop\u0161tenju MKM.<\/p>\n\n\n\n<p>Vujovi\u0107 i Kiz su razgovarali o kulturnoj politici u Crnoj Gori i Nacionalnom programu razvoja kulture 2023\u20132027, kao strate\u0161kom okviru za dalji razvoj sektora kulture i unapre\u0111enje zakonodavnog i institucionalnog okvira.<\/p>","protected":false},"excerpt":{"rendered":"<p>Crna Gora i Sjedinjene Ameri\u010dke Dr\u017eave imaju zna\u010dajan potencijal za dalje ja\u010danje saradnje u oblasti kulture i medija, pri \u010demu Crna Gora mo\u017ee ra\u010dunati na kontinuiranu podr\u0161ku SAD kroz razvoj zajedni\u010dkih inicijativa, posebno u oblasti kinematografije, za\u0161tite, o\u010duvanja i odr\u017eivog kori\u0161\u0107enja kulturne ba\u0161tine.<\/p>","protected":false},"author":5,"featured_media":599463,"comment_status":"open","ping_status":"open","sticky":false,"template":"","format":"standard","meta":{"_acf_changed":false,"footnotes":"","jetpack_publicize_message":"","jetpack_publicize_feature_enabled":true,"jetpack_social_post_already_shared":true,"jetpack_social_options":{"image_generator_settings":{"template":"highway","default_image_id":0,"font":"","enabled":false},"version":2}},"categories":[11],"tags":[188,31638,70,150],"naslovna":[],"class_list":["post-963511","post","type-post","status-publish","format-standard","has-post-thumbnail","hentry","category-kultura","tag-crna-gora","tag-majklkiz","tag-sad","tag-tamara-vujovic"],"acf":[],"jetpack_publicize_connections":[],"_links":{"self":[{"href":"https:\/\/gradski.me\/en\/wp-json\/wp\/v2\/posts\/963511","targetHints":{"allow":["GET"]}}],"collection":[{"href":"https:\/\/gradski.me\/en\/wp-json\/wp\/v2\/posts"}],"about":[{"href":"https:\/\/gradski.me\/en\/wp-json\/wp\/v2\/types\/post"}],"author":[{"embeddable":true,"href":"https:\/\/gradski.me\/en\/wp-json\/wp\/v2\/users\/5"}],"replies":[{"embeddable":true,"href":"https:\/\/gradski.me\/en\/wp-json\/wp\/v2\/comments?post=963511"}],"version-history":[{"count":1,"href":"https:\/\/gradski.me\/en\/wp-json\/wp\/v2\/posts\/963511\/revisions"}],"predecessor-version":[{"id":963512,"href":"https:\/\/gradski.me\/en\/wp-json\/wp\/v2\/posts\/963511\/revisions\/963512"}],"wp:featuredmedia":[{"embeddable":true,"href":"https:\/\/gradski.me\/en\/wp-json\/wp\/v2\/media\/599463"}],"wp:attachment":[{"href":"https:\/\/gradski.me\/en\/wp-json\/wp\/v2\/media?parent=963511"}],"wp:term":[{"taxonomy":"category","embeddable":true,"href":"https:\/\/gradski.me\/en\/wp-json\/wp\/v2\/categories?post=963511"},{"taxonomy":"post_tag","embeddable":true,"href":"https:\/\/gradski.me\/en\/wp-json\/wp\/v2\/tags?post=963511"},{"taxonomy":"naslovna","embeddable":true,"href":"https:\/\/gradski.me\/en\/wp-json\/wp\/v2\/naslovna?post=963511"}],"curies":[{"name":"wp","href":"https:\/\/api.w.org\/{rel}","templated":true}]}}