{"id":963499,"date":"2026-04-28T22:18:00","date_gmt":"2026-04-28T20:18:00","guid":{"rendered":"https:\/\/gradski.me\/?p=963499"},"modified":"2026-04-28T21:04:09","modified_gmt":"2026-04-28T19:04:09","slug":"anastasija-bogojevic-i-tent-sampioni-srbije-mvp-saska-djurovic-i-porto-poveli-u-finalu","status":"publish","type":"post","link":"https:\/\/gradski.me\/en\/sport\/anastasija-bogojevic-i-tent-sampioni-srbije-mvp-saska-djurovic-i-porto-poveli-u-finalu\/","title":{"rendered":"Anastasija Bogojevi\u0107 and TENT Serbian champions, MVP Sa\u0161ka \u0110urovi\u0107 and Porto lead in the final"},"content":{"rendered":"<p><strong>The Montenegrin internationals are coming to an end, and the season will be particularly successful for our two volleyball players. Anastasija Bogojevi\u0107 is a member of the TENT team that won its second Serbian championship in history, while Sa\u0161ka \u0110urovi\u0107 is on her way to returning to the throne in Portugal with the Porto team.<\/strong><\/p>\n\n\n\n<p>TENT settled the series for the Serbian champion in three matches. After winning at home in five sets, our young Anastasija Bogojevi\u0107's team celebrated 3:2 away against Uba, and then defeated their rivals 3:1 at home for their first title since 2020.<\/p>\n\n\n\n<p>Porto dethroned Benfica after an exciting five-match series \u2013 after making another break, Sa\u0161ka \u0110urovi\u0107's team defeated their big rival in a masterclass at home 3:1 and reached the final with Braga. In the fifth match of the semi-final series, our middle blocker had 10 points, and she won two more points in the opening match of the final against Braga, in which Porto celebrated 3:0. The Montenegrin national team player's great performance was worthy of the MVP award. The second match in Braga will be played on May 1, and the winner will be the team that first reaches three triumphs.<\/p>","protected":false},"excerpt":{"rendered":"<p>Crnogorske internacionalke privode kraju sezone, koje \u0107e posebno biti uspje\u0161ne za na\u0161e dvije odbojka\u0161ice. Anastasija Bogojevi\u0107 \u010dlanica je ekipe TENT-a koja je do\u0161la do drugog pehara \u0161ampiona Srbije u istoriji, a na putu da se vrati na tron u Portugalu je Sa\u0161ka \u0110urovi\u0107 sa ekipom Porta. TENT je u tri me\u010da rije\u0161io seriju za prvaka [&hellip;]<\/p>\n","protected":false},"author":6,"featured_media":963500,"comment_status":"open","ping_status":"open","sticky":false,"template":"","format":"standard","meta":{"_acf_changed":false,"footnotes":"","jetpack_publicize_message":"","jetpack_publicize_feature_enabled":true,"jetpack_social_post_already_shared":true,"jetpack_social_options":{"image_generator_settings":{"template":"highway","default_image_id":0,"font":"","enabled":false},"version":2}},"categories":[15],"tags":[8955,9417,1754,31635],"naslovna":[],"class_list":["post-963499","post","type-post","status-publish","format-standard","has-post-thumbnail","hentry","category-sport","tag-anastasija-bogojevic","tag-odbojkaski-radar","tag-saska-djurovic","tag-tent"],"acf":[],"jetpack_publicize_connections":[],"_links":{"self":[{"href":"https:\/\/gradski.me\/en\/wp-json\/wp\/v2\/posts\/963499","targetHints":{"allow":["GET"]}}],"collection":[{"href":"https:\/\/gradski.me\/en\/wp-json\/wp\/v2\/posts"}],"about":[{"href":"https:\/\/gradski.me\/en\/wp-json\/wp\/v2\/types\/post"}],"author":[{"embeddable":true,"href":"https:\/\/gradski.me\/en\/wp-json\/wp\/v2\/users\/6"}],"replies":[{"embeddable":true,"href":"https:\/\/gradski.me\/en\/wp-json\/wp\/v2\/comments?post=963499"}],"version-history":[{"count":2,"href":"https:\/\/gradski.me\/en\/wp-json\/wp\/v2\/posts\/963499\/revisions"}],"predecessor-version":[{"id":963502,"href":"https:\/\/gradski.me\/en\/wp-json\/wp\/v2\/posts\/963499\/revisions\/963502"}],"wp:featuredmedia":[{"embeddable":true,"href":"https:\/\/gradski.me\/en\/wp-json\/wp\/v2\/media\/963500"}],"wp:attachment":[{"href":"https:\/\/gradski.me\/en\/wp-json\/wp\/v2\/media?parent=963499"}],"wp:term":[{"taxonomy":"category","embeddable":true,"href":"https:\/\/gradski.me\/en\/wp-json\/wp\/v2\/categories?post=963499"},{"taxonomy":"post_tag","embeddable":true,"href":"https:\/\/gradski.me\/en\/wp-json\/wp\/v2\/tags?post=963499"},{"taxonomy":"naslovna","embeddable":true,"href":"https:\/\/gradski.me\/en\/wp-json\/wp\/v2\/naslovna?post=963499"}],"curies":[{"name":"wp","href":"https:\/\/api.w.org\/{rel}","templated":true}]}}