{"id":963495,"date":"2026-04-29T07:00:00","date_gmt":"2026-04-29T05:00:00","guid":{"rendered":"https:\/\/gradski.me\/?p=963495"},"modified":"2026-04-28T20:08:54","modified_gmt":"2026-04-28T18:08:54","slug":"na-jugu-danas-pretezno-suncano-na-sjeveru-popodne-moguca-kratkotrajna-kisa","status":"publish","type":"post","link":"https:\/\/gradski.me\/en\/drustvo\/na-jugu-danas-pretezno-suncano-na-sjeveru-popodne-moguca-kratkotrajna-kisa\/","title":{"rendered":"Na jugu danas prete\u017eno sun\u010dano, na sjeveru popodne mogu\u0107a kratkotrajna ki\u0161a"},"content":{"rendered":"<p><\/p>\n\n\n\n<p>Na sjeveru se o\u010dekuje postepeno naobla\u010denje sa uslovima za mjestimi\u010dnu pojavu kratkotrajne ki\u0161e u drugom dijelu dana.<\/p>\n\n\n\n<p>Vjetar slab do umjeren, prete\u017eno ju\u017eni. Jutarnja temperatura vazduha od 1 do 14, najvi\u0161a dnevna od 14 do 25 stepeni.<\/p>\n\n\n\n<p><strong>Podgorica<\/strong>: Prete\u017eno sun\u010dano. Vjetar uglavnom slab, tokom dana prete\u017eno ju\u017eni. Jutarnja temperatura vazduha oko 12, najvi\u0161a dnevna oko 25 stepeni.<\/p>\n\n\n\n<p><\/p>","protected":false},"excerpt":{"rendered":"<p>U ju\u017enim i centralnim oblastima prete\u017eno sun\u010dano uz slab do umjeren lokalni razvoj obla\u010dnosti tokom dana.<\/p>","protected":false},"author":13,"featured_media":917534,"comment_status":"open","ping_status":"open","sticky":false,"template":"","format":"standard","meta":{"_acf_changed":false,"footnotes":"","jetpack_publicize_message":"","jetpack_publicize_feature_enabled":true,"jetpack_social_post_already_shared":true,"jetpack_social_options":{"image_generator_settings":{"template":"highway","default_image_id":0,"font":"","enabled":false},"version":2}},"categories":[9],"tags":[550,16],"naslovna":[],"class_list":["post-963495","post","type-post","status-publish","format-standard","has-post-thumbnail","hentry","category-drustvo","tag-sunce","tag-vremenska-prognoza"],"acf":[],"jetpack_publicize_connections":[],"_links":{"self":[{"href":"https:\/\/gradski.me\/en\/wp-json\/wp\/v2\/posts\/963495","targetHints":{"allow":["GET"]}}],"collection":[{"href":"https:\/\/gradski.me\/en\/wp-json\/wp\/v2\/posts"}],"about":[{"href":"https:\/\/gradski.me\/en\/wp-json\/wp\/v2\/types\/post"}],"author":[{"embeddable":true,"href":"https:\/\/gradski.me\/en\/wp-json\/wp\/v2\/users\/13"}],"replies":[{"embeddable":true,"href":"https:\/\/gradski.me\/en\/wp-json\/wp\/v2\/comments?post=963495"}],"version-history":[{"count":1,"href":"https:\/\/gradski.me\/en\/wp-json\/wp\/v2\/posts\/963495\/revisions"}],"predecessor-version":[{"id":963496,"href":"https:\/\/gradski.me\/en\/wp-json\/wp\/v2\/posts\/963495\/revisions\/963496"}],"wp:featuredmedia":[{"embeddable":true,"href":"https:\/\/gradski.me\/en\/wp-json\/wp\/v2\/media\/917534"}],"wp:attachment":[{"href":"https:\/\/gradski.me\/en\/wp-json\/wp\/v2\/media?parent=963495"}],"wp:term":[{"taxonomy":"category","embeddable":true,"href":"https:\/\/gradski.me\/en\/wp-json\/wp\/v2\/categories?post=963495"},{"taxonomy":"post_tag","embeddable":true,"href":"https:\/\/gradski.me\/en\/wp-json\/wp\/v2\/tags?post=963495"},{"taxonomy":"naslovna","embeddable":true,"href":"https:\/\/gradski.me\/en\/wp-json\/wp\/v2\/naslovna?post=963495"}],"curies":[{"name":"wp","href":"https:\/\/api.w.org\/{rel}","templated":true}]}}