{"id":963487,"date":"2026-04-28T20:14:00","date_gmt":"2026-04-28T18:14:00","guid":{"rendered":"https:\/\/gradski.me\/?p=963487"},"modified":"2026-04-28T19:55:39","modified_gmt":"2026-04-28T17:55:39","slug":"sahmanovic-crna-gora-spremna-za-investicije-i-kapitalne-energetske-projekte","status":"publish","type":"post","link":"https:\/\/gradski.me\/en\/ekonomija\/sahmanovic-crna-gora-spremna-za-investicije-i-kapitalne-energetske-projekte\/","title":{"rendered":"\u0160ahmanovi\u0107: Montenegro ready for investments and capital energy projects"},"content":{"rendered":"<p>Crna Gora je spremna za investicije i kapitalne energetske projekte, saop\u0161tio je ministar energetike i rudarstva&nbsp;<strong>Admir \u0160ahmanovi\u0107<\/strong>, u Dubrovniku, gdje je otvoren prvi dan Foruma Tri mora, jednog od najzna\u010dajnijih regionalnih skupova posve\u0107enih infrastrukturnoj, energetskoj i ekonomskoj integraciji Centralne i Jugoisto\u010dne Evrope.<\/p>\n\n\n\n<p>\u201cRegionalna povezanost i energetska sigurnost vi\u0161e nijesu pitanje izbora, ve\u0107 pitanje brzine i sposobnosti da djelujemo zajedno\u201d, poru\u010deno je na doga\u0111aju.<\/p>\n\n\n\n<p>Kako se navodi u saop\u0161tenju, na panelu o novoj geoekonomiji Evrope i strate\u0161kom povezivanju regiona \u0160ahmanovi\u0107 je u\u010destvovao zajedno sa potpredsjednikom Vlade Slovenije, ministrom energetike Gr\u010dke i predstavnicom Evropskog parlamenta.<\/p>\n\n\n\n<p>\u201cDiskusija je bila fokusirana na ja\u010danje jadransko-jonske ose kao klju\u010dnog pravca povezivanja Centralne Evrope i Zapadnog Balkana sa Mediteranom i globalnim energetskim i digitalnim tokovima, uz ocjenu da postoje\u0107i potencijali i dalje nisu u potpunosti iskori\u0161\u0107eni zbog infrastrukturnih ograni\u010denja, regulatorne fragmentacije i nedovr\u0161ene evropske integracije regiona\u201d, dodaje se.<\/p>\n\n\n\n<p>Govore\u0107i o poziciji Crne Gore i izazovima koji stoje pred regionom, \u0160ahmanovi\u0107 je istakao da je vrijeme za konkretnu akciju i ubrzanje projekata.<\/p>\n\n\n\n<p>\u201cVrlo je va\u017ena ova diskusija i razgovor o konkretnim koracima koji su pred regionom, o ja\u010danju povezanosti, investicijama i energetskoj sigurnosti. Crna Gora je spremna za investicije i kapitalne energetske projekte. Izgubljeno vrijeme ne mo\u017eemo vratiti, ali mo\u017eemo pokrenuti projekte i ubrzati aktivnosti. Da bismo uspjeli, moramo djelovati zajedno i koordinisano\u201d, poru\u010dio je \u0160ahmanovi\u0107.<\/p>\n\n\n\n<p>On je naglasio da se energetski sektor brzo mijenja i da su brze odluke presudne za razvoj regiona.<\/p>\n\n\n\n<p>\u201cEnergetika je oblast koja se stalno mijenja, a te promjene zahtijevaju brze reakcije i jo\u0161 br\u017ee odluke. Zato \u0107emo nastaviti da razvijamo projekte koji ja\u010daju na\u0161u ekonomiju, ubrzavaju evropski put i potvr\u0111uju zna\u010daj na\u0161eg regiona\u201d, rekao je ministar.<\/p>\n\n\n\n<p>Govore\u0107i o \u0161irem regionalnom kontekstu, \u0160ahmanovi\u0107 je podsjetio da Zapadni Balkan ne mo\u017ee funkcionisati kao izolovan prostor.<\/p>\n\n\n\n<p>\u201cU Crnoj Gori smo shvatili da smo u pro\u0161losti izgubili dosta vremena i propustili \u010ditav jedan investicioni ciklus. Jo\u0161 va\u017enije, razumjeli smo da ne mo\u017eemo funkcionisati kao izolovano ostrvo. Zato na ovakvim forumima postavljamo klju\u010dno pitanje \u2013 da li govorimo o tr\u017ei\u0161tu od pola miliona ili pola milijarde ljudi? Kao mala dr\u017eava, moramo obezbijediti da donosimo konkretne koristi i dodajemo vrijednost svim regionalnim inicijativama\u201d, zaklju\u010dio je \u0160ahmanovi\u0107.<\/p>\n\n\n\n<p>Forum Tri mora u Dubrovniku, kako pi\u0161e u saop\u0161tenju, nastavlja se narednih dana kroz niz panela posve\u0107enih energetici, infrastrukturi, digitalnoj povezanosti i investicijama u regionu.<\/p>","protected":false},"excerpt":{"rendered":"<p>Crna Gora je spremna za investicije i kapitalne energetske projekte, saop\u0161tio je ministar energetike i rudarstva&nbsp;Admir \u0160ahmanovi\u0107, u Dubrovniku, gdje je otvoren prvi dan Foruma Tri mora, jednog od najzna\u010dajnijih regionalnih skupova posve\u0107enih infrastrukturnoj, energetskoj i ekonomskoj integraciji Centralne i Jugoisto\u010dne Evrope. \u201cRegionalna povezanost i energetska sigurnost vi\u0161e nijesu pitanje izbora, ve\u0107 pitanje brzine i [&hellip;]<\/p>\n","protected":false},"author":13,"featured_media":963489,"comment_status":"open","ping_status":"open","sticky":false,"template":"","format":"standard","meta":{"_acf_changed":false,"footnotes":"","jetpack_publicize_message":"","jetpack_publicize_feature_enabled":true,"jetpack_social_post_already_shared":true,"jetpack_social_options":{"image_generator_settings":{"template":"highway","default_image_id":0,"font":"","enabled":false},"version":2}},"categories":[8],"tags":[11295,11764],"naslovna":[],"class_list":["post-963487","post","type-post","status-publish","format-standard","has-post-thumbnail","hentry","category-ekonomija","tag-admir-sahamnovic","tag-ministarstvo-eneretike-i-rudarstva"],"acf":[],"jetpack_publicize_connections":[],"_links":{"self":[{"href":"https:\/\/gradski.me\/en\/wp-json\/wp\/v2\/posts\/963487","targetHints":{"allow":["GET"]}}],"collection":[{"href":"https:\/\/gradski.me\/en\/wp-json\/wp\/v2\/posts"}],"about":[{"href":"https:\/\/gradski.me\/en\/wp-json\/wp\/v2\/types\/post"}],"author":[{"embeddable":true,"href":"https:\/\/gradski.me\/en\/wp-json\/wp\/v2\/users\/13"}],"replies":[{"embeddable":true,"href":"https:\/\/gradski.me\/en\/wp-json\/wp\/v2\/comments?post=963487"}],"version-history":[{"count":1,"href":"https:\/\/gradski.me\/en\/wp-json\/wp\/v2\/posts\/963487\/revisions"}],"predecessor-version":[{"id":963490,"href":"https:\/\/gradski.me\/en\/wp-json\/wp\/v2\/posts\/963487\/revisions\/963490"}],"wp:featuredmedia":[{"embeddable":true,"href":"https:\/\/gradski.me\/en\/wp-json\/wp\/v2\/media\/963489"}],"wp:attachment":[{"href":"https:\/\/gradski.me\/en\/wp-json\/wp\/v2\/media?parent=963487"}],"wp:term":[{"taxonomy":"category","embeddable":true,"href":"https:\/\/gradski.me\/en\/wp-json\/wp\/v2\/categories?post=963487"},{"taxonomy":"post_tag","embeddable":true,"href":"https:\/\/gradski.me\/en\/wp-json\/wp\/v2\/tags?post=963487"},{"taxonomy":"naslovna","embeddable":true,"href":"https:\/\/gradski.me\/en\/wp-json\/wp\/v2\/naslovna?post=963487"}],"curies":[{"name":"wp","href":"https:\/\/api.w.org\/{rel}","templated":true}]}}