{"id":963470,"date":"2026-04-29T07:12:00","date_gmt":"2026-04-29T05:12:00","guid":{"rendered":"https:\/\/gradski.me\/?p=963470"},"modified":"2026-04-29T01:26:34","modified_gmt":"2026-04-28T23:26:34","slug":"pogledajte-gdje-sjutra-nece-biti-struje-4","status":"publish","type":"post","link":"https:\/\/gradski.me\/en\/drustvo\/pogledajte-gdje-sjutra-nece-biti-struje-4\/","title":{"rendered":"See where there will be no electricity today"},"content":{"rendered":"<p><\/p>\n\n\n\n<p>Kako su kazali, bez napajanja elektri\u010dnom energijom \u0107e ostati:<\/p>\n\n\n\n<p><strong>Podgorica<\/strong><\/p>\n\n\n\n<p>\u2013 u terminu od 08 do 17 sati: dio Brskuta.<\/p>\n\n\n\n<p>-u terminu od 08 do 15 sati: Brezojevice, dio Korita, Dio Veru\u0161e.<\/p>\n\n\n\n<p><strong>Danilovgrad<\/strong><\/p>\n\n\n\n<p>\u2013 u terminu od 08 do 15 sati: \u017ddrebaonik, Ministarstvo odbrane (Tara\u0161), Vu\u010dica, Po\u010dijevka, Kru\u0161\u010dica, Sige, dio Ljututuka, Jama \u017dari\u0107a, Klanica, , \u0160abov Krug, Donje Selo, Gorica, Me\u0111ice, Luke, Jelenak, Kula Laki\u0107a, Potkraj \u0160aranovi\u0107a, Slatina, Dolovi Kova\u010dki, Poljica, Ivanj Uba, Topolovo, Borov Do, Jablan, Bzo i Studeno (kratkotrajna isklju\u010denja),Farma koka, Kuko\u0161evina, Klanica, dio Ljututuka,dio Veljeg Brda.<\/p>\n\n\n\n<p><strong>Nik\u0161i\u0107<\/strong><\/p>\n\n\n\n<p>\u2013 u terminu od 08 do 15 sati: Gornji Klenak, Tre\u0161njica, \u0160iroka Ulica.<\/p>\n\n\n\n<p><strong>Plu\u017eine<\/strong><\/p>\n\n\n\n<p>\u2013 from 9 a.m. to 5 p.m.: Milo\u0161evi\u0107i.<\/p>\n\n\n\n<p><strong>Budva<\/strong><\/p>\n\n\n\n<p>\u2013 u terminu od 08 do 18 sati: dio naselja Markovi\u0107i, Ma\u017ei\u0107i (isklju\u010denja naselja Braji\u0107i, Stani\u0161i\u0107i. Lap\u010di\u0107i i Pobori u periodu od 07:45 do 08:20 i u periodu od 17:30 \u2013 18:20).<\/p>\n\n\n\n<p><strong>Bar<\/strong><\/p>\n\n\n\n<p>-u terminu od 09 do 14 sati: potro\u0161a\u010di Kova\u010devi\u0107a, potro\u0161a\u010di Velje Gorane.<\/p>\n\n\n\n<p><strong>Ulcinj<\/strong><\/p>\n\n\n\n<p>\u2013 u terminu od 08 do 15 sati:dio Donjeg \u0160toja iza d\u017eamije.<\/p>\n\n\n\n<p>-u terminu od 08:30 do 15 sati: dio naselja Ade kod restorana \u201cKonoba kod Ranka\u201d,objekti sa lijeve strane Ade Bojane od restorana \u0106i\u0107kova \u010carda prema mostu.<\/p>\n\n\n\n<p><strong>Kotor<\/strong><\/p>\n\n\n\n<p>\u2013 u terminu od 09 do 10:15 sati: Kava\u010d- dio potro\u0161\u010da.<\/p>\n\n\n\n<p>-u terminu od 10:30 do 12 sati: podru\u010dje u blizini ulaza u tunel Vrmac sa grbaljske strane.<\/p>\n\n\n\n<p><strong>Herceg Novi<\/strong><\/p>\n\n\n\n<p>\u2013 u terminu od 08 do 16 sati:\u0160\u0107epo\u0161evi\u0107i.<\/p>\n\n\n\n<p>-u terminu od 07:30 do 18 sati: Su\u0161\u0107epan,Trebesin.<\/p>\n\n\n\n<p>-u terminu od 07:30 do 15 sati: Mari\u0107i,Sasovi\u0107i.<\/p>\n\n\n\n<p><strong>Andrijevica<\/strong><\/p>\n\n\n\n<p>\u2013 u terminu od 08:30 do 14:30 sati:Dio sela Zabr\u0111e(Donji dio sela naselja oko magistralnog puta)(potro\u0161a\u010di koji se napajaju sa TS 10\/0,4kV Zabr\u0111e 1), dio sela Gra\u010danica(Donji dio sela naselja oko magistralnog puta).<\/p>\n\n\n\n<p><strong>Berane<\/strong><\/p>\n\n\n\n<p>\u2013 u terminu od 08:30 do 14:30 sati: Kaludra, dio sela Bubanje.<\/p>\n\n\n\n<p><strong>Bijelo Polje<\/strong><\/p>\n\n\n\n<p>\u2013 u terminu od 08 do 14 sati: Banje selo.<\/p>\n\n\n\n<p>-u terminu od 09 do 16 sati: Jabu\u010dina, Grab, Ostrelj, Zaton-Klinac, \u010cokrlije, Grubje\u0161i\u0107i, Ki\u010dava, Mahala, Bijeli Potok, Krsta\u010de, Pavino Polje, Biokovac, Grab, Verga\u0161evi\u0107i, Kovren, Gorice, Slatka, Bli\u0161kovo, Sto\u017eer&nbsp;\u017durena \u2013 Brestovik, Zaton.<\/p>\n\n\n\n<p>-u terminu od 07:45 do 08:45 sati: Hotel \u2018Franca\u2019, Biro rada, Hotel \u2018Rada\u2019, Robna ku\u0107a \u2018Forum\u2019, Stara pijaca, Po\u0161ta, Telekom, Ulice: Muniba Ku\u010devi\u0107a, Toma\u0161a \u017di\u017ei\u0107a, \u017divka \u017di\u017ei\u0107a, Slobode, Tr\u0161ova, \u0110or\u0111ija Stani\u0107a, Lenke Juri\u0161evi\u0107, Muha Dizdarevi\u0107a, Rista Ratkovi\u0107a, Omladinska, III januara, zgrade: Op\u0161tine, Solidarnosti, Vunka, Sjeni\u010dka, 50 stanova, 3\u00d712 stanova, Brena, Boro, Obala.<\/p>\n\n\n\n<p><strong>Kola\u0161in<\/strong><\/p>\n\n\n\n<p>\u2013 u terminu od 08 do 16 sati: Jasenova, Ocka gora, Me\u0111urije\u010dje, Cerovica, Tre\u0161njica, Lije\u0161nje, Bogutov do, Mrtvo Duboko, Bulje, Andrijevo, Smolice, RDC, Vlahovi\u0107i, Andrijevo, Jasenov do, Gornja Rovca, Vi\u0161nje, Velje Duboko, Trmanje, Sela, \u0110u\u0111evina.<\/p>\n\n\n\n<p><strong>Mojkovac<\/strong><\/p>\n\n\n\n<p>\u2013 u terminu od 08 do 15 sati: Ckara, Ulo\u0161evina, Lojanice, Lepenac, \u017dari, Feratovo polje, Krstac \u2013 \u0160undek, Gojakovi\u0107i.<\/p>\n\n\n\n<p><strong>Petnjica<\/strong><\/p>\n\n\n\n<p>\u2013 u terminu od 08:30 do 14:30 sati:Laze, Vrbica, Trpezi, Kalica i fabrika ko\u0161ulja La vista, firma TREF,Murovac-, dio sela Tucanje.<\/p>\n\n\n\n<p><strong>Blue<\/strong><\/p>\n\n\n\n<p>\u2013 u terminu od 09 do 18 sati: Ski\u0107,Komara\u010da,Meteh,Jara,Babino Polje, Korita,Vojna Po\u0161ta,Prnjavor, Malo Selo, \u0110uri\u010dka Rijeka, Ski Lift, Hoti,Vojno Selo,Hakanje.<\/p>\n\n\n\n<p><strong>Pljevlja<\/strong><\/p>\n\n\n\n<p>\u2013 u terminu od 09 do 17 sati:Bjelo\u0161evina, Strahov Do, Rt, Puzi\u0107i, Plakali, Prehari, Petine, Roma\u010d, Lugovi, Kova\u010devi\u0107i, Kr\u017eava, Mr\u010di\u0107i, Sre\u010danje, Sir\u010di\u0107i, \u010cardak, Seli\u0161ta, Brda, Bori\u0161i\u0107i, Obradovi\u0107, Kr\u0107evine, Du\u017eice, Stra\u017eice, Vuk\u0161i\u0107i, Plansko \u2013 mogu\u0107a kratka isklju\u010denja na po\u010detku i zavr\u0161etku radova,&nbsp;Vitine, \u010cestin, \u0110ur\u0111evi\u0107a Tara.<\/p>\n\n\n\n<p><strong>Ro\u017eaje<\/strong><\/p>\n\n\n\n<p>\u2013 from 9 a.m. to 2:30 p.m.: Part of the village of Lovnica.<\/p>\n\n\n\n<p>\"The above works are being carried out with the aim of providing a higher quality and safer electricity supply. In the event of bad weather conditions, the works will be postponed,\" CEDIS concluded.<\/p>\n\n\n\n<p><\/p>","protected":false},"excerpt":{"rendered":"<p>Zbog planiranih radova na mre\u017ei, u srijedu 29. aprila, djelovi vi\u0161e op\u0161tina \u0107e ostati bez struje, saop\u0161teno je iz CEDIS-a.<\/p>","protected":false},"author":13,"featured_media":915494,"comment_status":"open","ping_status":"open","sticky":false,"template":"","format":"standard","meta":{"_acf_changed":false,"footnotes":"","jetpack_publicize_message":"","jetpack_publicize_feature_enabled":true,"jetpack_social_post_already_shared":true,"jetpack_social_options":{"image_generator_settings":{"template":"highway","default_image_id":0,"font":"","enabled":false},"version":2}},"categories":[9],"tags":[20,22],"naslovna":[908],"class_list":["post-963470","post","type-post","status-publish","format-standard","has-post-thumbnail","hentry","category-drustvo","tag-cedis","tag-struja","naslovna-izdvajamo"],"acf":[],"jetpack_publicize_connections":[],"_links":{"self":[{"href":"https:\/\/gradski.me\/en\/wp-json\/wp\/v2\/posts\/963470","targetHints":{"allow":["GET"]}}],"collection":[{"href":"https:\/\/gradski.me\/en\/wp-json\/wp\/v2\/posts"}],"about":[{"href":"https:\/\/gradski.me\/en\/wp-json\/wp\/v2\/types\/post"}],"author":[{"embeddable":true,"href":"https:\/\/gradski.me\/en\/wp-json\/wp\/v2\/users\/13"}],"replies":[{"embeddable":true,"href":"https:\/\/gradski.me\/en\/wp-json\/wp\/v2\/comments?post=963470"}],"version-history":[{"count":2,"href":"https:\/\/gradski.me\/en\/wp-json\/wp\/v2\/posts\/963470\/revisions"}],"predecessor-version":[{"id":963606,"href":"https:\/\/gradski.me\/en\/wp-json\/wp\/v2\/posts\/963470\/revisions\/963606"}],"wp:featuredmedia":[{"embeddable":true,"href":"https:\/\/gradski.me\/en\/wp-json\/wp\/v2\/media\/915494"}],"wp:attachment":[{"href":"https:\/\/gradski.me\/en\/wp-json\/wp\/v2\/media?parent=963470"}],"wp:term":[{"taxonomy":"category","embeddable":true,"href":"https:\/\/gradski.me\/en\/wp-json\/wp\/v2\/categories?post=963470"},{"taxonomy":"post_tag","embeddable":true,"href":"https:\/\/gradski.me\/en\/wp-json\/wp\/v2\/tags?post=963470"},{"taxonomy":"naslovna","embeddable":true,"href":"https:\/\/gradski.me\/en\/wp-json\/wp\/v2\/naslovna?post=963470"}],"curies":[{"name":"wp","href":"https:\/\/api.w.org\/{rel}","templated":true}]}}