{"id":963454,"date":"2026-04-28T18:37:42","date_gmt":"2026-04-28T16:37:42","guid":{"rendered":"https:\/\/gradski.me\/?p=963454"},"modified":"2026-04-28T18:37:43","modified_gmt":"2026-04-28T16:37:43","slug":"berane-odredjeno-zadrzavanje-za-dvije-osobe-zbog-nasilja-u-porodici-i-teske-kradje","status":"publish","type":"post","link":"https:\/\/gradski.me\/en\/hronika\/berane-odredjeno-zadrzavanje-za-dvije-osobe-zbog-nasilja-u-porodici-i-teske-kradje\/","title":{"rendered":"Berane: Two people remanded in custody for domestic violence and aggravated theft"},"content":{"rendered":"<p><\/p>\n\n\n\n<p>Kako su saop\u0161tili iz ODT-a, osumnji\u010deni M.V je 27. aprila obio porodi\u010dnu ku\u0107u strica, o\u0161te\u0107enog M.V, i ukrao vi\u0161e stvari, u namjeri da sebi pribavi protivpravnu imovinsku korist.<\/p>\n\n\n\n<p>Nakon toga je, kako se sumnja, po dolasku strica u njegovu porodi\u010dnu ku\u0107u, njemu uputio vi\u0161e rije\u010di prijetnje.<\/p>\n\n\n\n<p>Odre\u0111eno mu je zadr\u017eavanje zbog postojanja posebnih okolnosti koje ukazuju na opasnost od bjekstva, kao i da \u0107e ponoviti krivi\u010dna djela.<\/p>","protected":false},"excerpt":{"rendered":"<p>Nakon saslu\u0161anja u Osnovnom dr\u017eavnom tu\u017eila\u0161tvu (ODT) u Beranama odre\u0111eno je zadr\u017eavanje do 72 sata\u00a0M.V, koji je osumnji\u010den za krivi\u010dna djela te\u0161ka kra\u0111a i nasilje u porodici ili u porodi\u010dnoj zajednici.<\/p>","protected":false},"author":13,"featured_media":940761,"comment_status":"open","ping_status":"open","sticky":false,"template":"","format":"standard","meta":{"_acf_changed":false,"footnotes":"","jetpack_publicize_message":"","jetpack_publicize_feature_enabled":true,"jetpack_social_post_already_shared":true,"jetpack_social_options":{"image_generator_settings":{"template":"highway","default_image_id":0,"font":"","enabled":false},"version":2}},"categories":[10],"tags":[53,1474],"naslovna":[],"class_list":["post-963454","post","type-post","status-publish","format-standard","has-post-thumbnail","hentry","category-hronika","tag-berane","tag-odt"],"acf":[],"jetpack_publicize_connections":[],"_links":{"self":[{"href":"https:\/\/gradski.me\/en\/wp-json\/wp\/v2\/posts\/963454","targetHints":{"allow":["GET"]}}],"collection":[{"href":"https:\/\/gradski.me\/en\/wp-json\/wp\/v2\/posts"}],"about":[{"href":"https:\/\/gradski.me\/en\/wp-json\/wp\/v2\/types\/post"}],"author":[{"embeddable":true,"href":"https:\/\/gradski.me\/en\/wp-json\/wp\/v2\/users\/13"}],"replies":[{"embeddable":true,"href":"https:\/\/gradski.me\/en\/wp-json\/wp\/v2\/comments?post=963454"}],"version-history":[{"count":1,"href":"https:\/\/gradski.me\/en\/wp-json\/wp\/v2\/posts\/963454\/revisions"}],"predecessor-version":[{"id":963455,"href":"https:\/\/gradski.me\/en\/wp-json\/wp\/v2\/posts\/963454\/revisions\/963455"}],"wp:featuredmedia":[{"embeddable":true,"href":"https:\/\/gradski.me\/en\/wp-json\/wp\/v2\/media\/940761"}],"wp:attachment":[{"href":"https:\/\/gradski.me\/en\/wp-json\/wp\/v2\/media?parent=963454"}],"wp:term":[{"taxonomy":"category","embeddable":true,"href":"https:\/\/gradski.me\/en\/wp-json\/wp\/v2\/categories?post=963454"},{"taxonomy":"post_tag","embeddable":true,"href":"https:\/\/gradski.me\/en\/wp-json\/wp\/v2\/tags?post=963454"},{"taxonomy":"naslovna","embeddable":true,"href":"https:\/\/gradski.me\/en\/wp-json\/wp\/v2\/naslovna?post=963454"}],"curies":[{"name":"wp","href":"https:\/\/api.w.org\/{rel}","templated":true}]}}