{"id":963424,"date":"2026-04-28T18:02:00","date_gmt":"2026-04-28T16:02:00","guid":{"rendered":"https:\/\/gradski.me\/?p=963424"},"modified":"2026-04-28T17:55:15","modified_gmt":"2026-04-28T15:55:15","slug":"mjestani-botuna-necemo-prihvatiti-da-se-razvoj-sela-koristi-za-politicke-spinove","status":"publish","type":"post","link":"https:\/\/gradski.me\/en\/drustvo\/mjestani-botuna-necemo-prihvatiti-da-se-razvoj-sela-koristi-za-politicke-spinove\/","title":{"rendered":"Botun residents: We will not accept that village development is used for political spin"},"content":{"rendered":"<p><\/p>\n\n\n\n<p><strong>Njihov demant prenosimo integralno.<br><\/strong><br><br><br>&#8222;Na pomenutom sastanku nije bilo rije\u010di o bilo kakvom \u201cdavanju novca Botunjanima\u201d, kako se to poku\u0161ava predstaviti u javnosti. Razgovaralo se isklju\u010divo o mogu\u0107im ulaganjima u infrastrukturu i razvoj sela Botun, kako sa nivoa op\u0161tine tako i sa nivoa dr\u017eave, \u0161to je praksa u svim djelovima Podgorice i Crne Gore. Takva ulaganja nisu nikakav izuzetak niti privilegija, ve\u0107 redovna obaveza nadle\u017enih institucija prema svim gra\u0111anima, uklju\u010duju\u0107i i mje\u0161tane Botuna. <\/p>\n\n\n\n<p>Zbog toga smatramo neosnovanim poku\u0161aje da se ova tema predstavi kao suprotstavljanje interesa Botuna i Podgorice, jer je razvoj svakog njenog dijela u interesu svih gra\u0111ana.<\/p>\n\n\n\n<p>Pozivamo Aleksandra Markovi\u0107a da javnost informi\u0161e ta\u010dno i bez stvaranja pogre\u0161ne slike o sadr\u017eaju odr\u017eanog sastanka i nema potrebe da poku\u0161ava da zaustavi razvoj sela Botun kroz politi\u010dke interese. Mje\u0161tani Botuna ne\u0107e prihvatiti da se njihov razvoj koristi za politi\u010dke spinove.&#8220;<br><\/p>\n\n\n\n<p><br><\/p>\n\n\n\n<p><br><\/p>\n\n\n\n<p><\/p>\n\n\n\n<p><br><\/p>","protected":false},"excerpt":{"rendered":"<p>Nakon optu\u017ebi potpredsjednika op\u0161tine Zeta Aleksandra Markovi\u0107a da gradona\u010delnik Sa\u0161a Mujovi\u0107 obe\u0107anjima o ulaganjima zapravo poku\u0161ava da \u201ckupi\u201d podr\u0161ku mje\u0161tana Botuna, stigao je o\u0161tar odgovor iz ovog naselja. Mje\u0161tani koji su prisustvovali sastanku kategori\u010dno odbacuju tvrdnje o bilo kakvim nelegalnim ponudama ili davanju novca, navode\u0107i da je rije\u010d o poku\u0161aju politizacije njihovih osnovnih \u017eivotnih potreba. <\/p>","protected":false},"author":13,"featured_media":830610,"comment_status":"open","ping_status":"open","sticky":false,"template":"","format":"standard","meta":{"_acf_changed":false,"footnotes":"","jetpack_publicize_message":"","jetpack_publicize_feature_enabled":true,"jetpack_social_post_already_shared":true,"jetpack_social_options":{"image_generator_settings":{"template":"highway","default_image_id":0,"font":"","enabled":false},"version":2}},"categories":[9],"tags":[1235,3283],"naslovna":[],"class_list":["post-963424","post","type-post","status-publish","format-standard","has-post-thumbnail","hentry","category-drustvo","tag-botun","tag-demant"],"acf":[],"jetpack_publicize_connections":[],"_links":{"self":[{"href":"https:\/\/gradski.me\/en\/wp-json\/wp\/v2\/posts\/963424","targetHints":{"allow":["GET"]}}],"collection":[{"href":"https:\/\/gradski.me\/en\/wp-json\/wp\/v2\/posts"}],"about":[{"href":"https:\/\/gradski.me\/en\/wp-json\/wp\/v2\/types\/post"}],"author":[{"embeddable":true,"href":"https:\/\/gradski.me\/en\/wp-json\/wp\/v2\/users\/13"}],"replies":[{"embeddable":true,"href":"https:\/\/gradski.me\/en\/wp-json\/wp\/v2\/comments?post=963424"}],"version-history":[{"count":2,"href":"https:\/\/gradski.me\/en\/wp-json\/wp\/v2\/posts\/963424\/revisions"}],"predecessor-version":[{"id":963433,"href":"https:\/\/gradski.me\/en\/wp-json\/wp\/v2\/posts\/963424\/revisions\/963433"}],"wp:featuredmedia":[{"embeddable":true,"href":"https:\/\/gradski.me\/en\/wp-json\/wp\/v2\/media\/830610"}],"wp:attachment":[{"href":"https:\/\/gradski.me\/en\/wp-json\/wp\/v2\/media?parent=963424"}],"wp:term":[{"taxonomy":"category","embeddable":true,"href":"https:\/\/gradski.me\/en\/wp-json\/wp\/v2\/categories?post=963424"},{"taxonomy":"post_tag","embeddable":true,"href":"https:\/\/gradski.me\/en\/wp-json\/wp\/v2\/tags?post=963424"},{"taxonomy":"naslovna","embeddable":true,"href":"https:\/\/gradski.me\/en\/wp-json\/wp\/v2\/naslovna?post=963424"}],"curies":[{"name":"wp","href":"https:\/\/api.w.org\/{rel}","templated":true}]}}