{"id":963417,"date":"2026-04-28T22:46:00","date_gmt":"2026-04-28T20:46:00","guid":{"rendered":"https:\/\/gradski.me\/?p=963417"},"modified":"2026-04-28T19:55:56","modified_gmt":"2026-04-28T17:55:56","slug":"pocele-probe-za-novu-predstavu-u-centru-za-kulturu-tivat-jug-radivojevic-i-novo-citanje-sartra","status":"publish","type":"post","link":"https:\/\/gradski.me\/en\/kultura\/pocele-probe-za-novu-predstavu-u-centru-za-kulturu-tivat-jug-radivojevic-i-novo-citanje-sartra\/","title":{"rendered":"Rehearsals for a new play have begun at the Tivat Cultural Center: Jug Radivojevi\u0107 and a new reading of Sartre"},"content":{"rendered":"<p><br><\/p>\n\n\n\n<p><br>Ovih dana po\u010dele su \u010dita\u0107e probe za novu pozori\u0161nu produkciju Centra za kulturu Tivat \u201cPrljave ruke\u201d prema tekstu \u017dan-Pola Sartra.<br><\/p>\n\n\n\n<p>Re\u017eiju, adaptaciju, rje\u0161enje scenskog prostora i izbor muzike potpisuje Jug Radivojevi\u0107, asistent reditelja i autor scenskog pokreta je Igor Damnjanovi\u0107, dok je za scenski govor zadu\u017eena Dubravka Draki\u0107.<\/p>\n\n\n\n<p>Kako navode iz CKZ Tivat, rije\u010d je o zna\u010dajnom pozori\u0161nom projektu koji, kroz savremeni rediteljski pristup i promi\u0161ljenu scensku interpretaciju, donosi novo \u010ditanje ovog klasi\u010dnog dramskog djela i njegovih slojevitih politi\u010dkih i egzistencijalnih tema.<\/p>\n\n\n\n<p>Gluma\u010dki ansambl \u010dine Milo\u0161 Bikovi\u0107, Lazar \u0110ur\u0111evi\u0107, Lara Dragovi\u0107, Ma\u0161a Labudovi\u0107, Du\u0161an Kova\u010devi\u0107, Jelica Vuk\u010devi\u0107, Pavle Bogojevi\u0107 i Igor Damnjanovi\u0107.<\/p>\n\n\n\n<p>Premijerno izvo\u0111enje zakazano je za 1. jul, \u010dime \u0107e ujedno biti otvoren Festival mediteranskog teatra Purgatorije.<\/p>","protected":false},"excerpt":{"rendered":"<p>U Tivtu po\u010dele probe za novu predstavu: Jug Radivojevi\u0107 re\u017eira Sartrove &#8222;Prljave ruke&#8220;, premijera 1. jula<br \/>\nRje\u010d je o zna\u010dajnom pozori\u0161nom projektu koji, kroz savremeni rediteljski pristup i promi\u0161ljenu scensku interpretaciju, donosi novo \u010ditanje ovog klasika<\/p>","protected":false},"author":5,"featured_media":963419,"comment_status":"open","ping_status":"open","sticky":false,"template":"","format":"standard","meta":{"_acf_changed":false,"footnotes":"","jetpack_publicize_message":"","jetpack_publicize_feature_enabled":true,"jetpack_social_post_already_shared":true,"jetpack_social_options":{"image_generator_settings":{"template":"highway","default_image_id":0,"font":"","enabled":false},"version":2}},"categories":[11],"tags":[17293,31628,31627,159,31629],"naslovna":[],"class_list":["post-963417","post","type-post","status-publish","format-standard","has-post-thumbnail","hentry","category-kultura","tag-czk","tag-jug-radivojevic","tag-prljave-ruke","tag-tivat","tag-zan-pol-sartr"],"acf":[],"jetpack_publicize_connections":[],"_links":{"self":[{"href":"https:\/\/gradski.me\/en\/wp-json\/wp\/v2\/posts\/963417","targetHints":{"allow":["GET"]}}],"collection":[{"href":"https:\/\/gradski.me\/en\/wp-json\/wp\/v2\/posts"}],"about":[{"href":"https:\/\/gradski.me\/en\/wp-json\/wp\/v2\/types\/post"}],"author":[{"embeddable":true,"href":"https:\/\/gradski.me\/en\/wp-json\/wp\/v2\/users\/5"}],"replies":[{"embeddable":true,"href":"https:\/\/gradski.me\/en\/wp-json\/wp\/v2\/comments?post=963417"}],"version-history":[{"count":3,"href":"https:\/\/gradski.me\/en\/wp-json\/wp\/v2\/posts\/963417\/revisions"}],"predecessor-version":[{"id":963421,"href":"https:\/\/gradski.me\/en\/wp-json\/wp\/v2\/posts\/963417\/revisions\/963421"}],"wp:featuredmedia":[{"embeddable":true,"href":"https:\/\/gradski.me\/en\/wp-json\/wp\/v2\/media\/963419"}],"wp:attachment":[{"href":"https:\/\/gradski.me\/en\/wp-json\/wp\/v2\/media?parent=963417"}],"wp:term":[{"taxonomy":"category","embeddable":true,"href":"https:\/\/gradski.me\/en\/wp-json\/wp\/v2\/categories?post=963417"},{"taxonomy":"post_tag","embeddable":true,"href":"https:\/\/gradski.me\/en\/wp-json\/wp\/v2\/tags?post=963417"},{"taxonomy":"naslovna","embeddable":true,"href":"https:\/\/gradski.me\/en\/wp-json\/wp\/v2\/naslovna?post=963417"}],"curies":[{"name":"wp","href":"https:\/\/api.w.org\/{rel}","templated":true}]}}