{"id":963407,"date":"2026-04-28T17:20:00","date_gmt":"2026-04-28T15:20:00","guid":{"rendered":"https:\/\/gradski.me\/?p=963407"},"modified":"2026-04-28T17:15:34","modified_gmt":"2026-04-28T15:15:34","slug":"becic-sa-heteijem-madjarska-pruza-puni-doprinos-prosirenju-kroz-kontinuiranu-ekspertsku-podrsku-crnogorskim-institucijama","status":"publish","type":"post","link":"https:\/\/gradski.me\/en\/politika\/becic-sa-heteijem-madjarska-pruza-puni-doprinos-prosirenju-kroz-kontinuiranu-ekspertsku-podrsku-crnogorskim-institucijama\/","title":{"rendered":"Be\u010di\u0107 with Hetei: Hungary provides full contribution to enlargement through continuous expert support to Montenegrin institutions"},"content":{"rendered":"<p><\/p>\n\n\n\n<p>Be\u010di\u0107 je istakao da je Vlada u kratkom roku ostvarila mjerljive i konkretne rezultate u procesu evropskih integracija, nagla\u0161avaju\u0107i da su dobijanje IBAR-a i zatvaranje 11 pregovara\u010dkih poglavlja, ili \u010detiri puta vi\u0161e nego sve prethodne Vlade zajedno, jasna potvrda ubrzanog napretka.<\/p>\n\n\n\n<p>\u201eNeizmjerno smo zahvalni i ma\u0111arskim prijateljima na podr\u0161ci da zajedno sa jo\u0161 26 \u010dlanica jednoglasno podr\u017ee formiranje ad hoc radne grupe za izradu Ugovora o pristupanju Crne Gore, \u010dime prijateljski u\u010destvuju u ostvarenju na\u0161eg istorijskog cilja i sna brojnih generacija, da 2028. godine postanemo 28. \u010dlanica Evropske unije\u201c, poru\u010dio je Be\u010di\u0107.<\/p>\n\n\n\n<p>On je posebno naglasio da uspjesi Crne Gore imaju \u0161iri zna\u010daj za region.<\/p>\n\n\n\n<p>\u201eRezultati koje posti\u017eemo nijesu va\u017eni samo za na\u0161e okvire, oni predstavljaju i sna\u017enu poruku regionu da su reforme mogu\u0107e i da evropska perspektiva Zapadnog Balkana ima realno upori\u0161te\u201c, jasan je on.<\/p>\n\n\n\n<p>Govore\u0107i o sektoru bezbjednosti, kako se dodaje, Be\u010di\u0107 je istakao da je dr\u017eava uspostavila odlu\u010dan i sistemski odgovor na organizovani kriminal i korupciju.<\/p>\n\n\n\n<p>\u201eDanas nema pojedinca koji je iznad dr\u017eave. Vrijeme nedodirljivih je pro\u0161lost. Nadle\u017eni udaraju na sve vidove kriminala bez zadr\u0161ke. Me\u0111unarodna saradnja je nikada bolja. Sprovodi se kadrovska obnova. Nabavlja se savremena oprema. Institucije vode istinski profesionalci. Panika i nervoza unutar organizovanog kriminala je evidentna. Zato je njihova brojna posluga bu\u010dna i zato je hibrdino djelovanje intezivno. Me\u0111utim, svaki napad ra\u0111a jo\u0161 ve\u0107u volju jer dr\u017eava, nadle\u017eni i svi po\u0161teni funkcioneri i slu\u017ebenici su odlu\u010dni da idu do kraja u kona\u010dnoj pobjedi dr\u017eave nad kriminalom i osloba\u0111anju sistema od svih nedozvoljenih uticaja\u201d, zaklju\u010dio je.<\/p>\n\n\n\n<p>Kako pi\u0161e u saop\u0161tenju, Hetei je posebno pohvalio napredak Crne Gore u sektorima kojim rukovodi Be\u010di\u0107.<\/p>\n\n\n\n<p>\u201cRezultati predstavljaju klju\u010dni temelj za uspje\u0161an nastavak evropskih integracija.&nbsp;Izuzetan napredak Crne Gore i na evropskom putu u posljednje dvije godine dokazuje da je pro\u0161irenje nikad bli\u017ee, a Ma\u0111arska tom procesu pru\u017ea puni doprinos kroz kontinuiranu ekspertsku podr\u0161ku crnogorskim institucijama\u201d istakao je Hetei.<\/p>\n\n\n\n<p>U kontekstu ekonomske saradnje, kako se navodi, ambasador je dodao da je otvaranje ma\u0111arske kompanije ,,Wizz air\u201d sna\u017ean doprinos crnogorskom turizmu i da raduje \u010dinjenica da \u0107e ovo biti ljetnja turisti\u010dka sezona sa najve\u0107im brojem letova i dostupnih destinacija, \u0161to daje dodatan podstrek dobrim odnosima crnogorskog i ma\u0111arskog naroda.<\/p>\n\n\n\n<p>\u201cNa sastanku je potvr\u0111ena obostrana spremnost za dalje ja\u010danje partnerstva i produbljivanje saradnje u svim oblastima od zajedni\u010dkog interesa\u201d, zaklju\u010dili su.<\/p>","protected":false},"excerpt":{"rendered":"<p>Potpredsjednik Vlade za bezbjednost, odbranu, borbu protiv kriminala i unutra\u0161nju politiku\u00a0Aleksa Be\u010di\u0107\u00a0primio je danas novoimenovanog ambasadora Ma\u0111arske u Crnoj Gori,\u00a0Petera Heteija, sa kojim je razgovarao o evropskom putu Crne Gore i daljem unapre\u0111enju crnogorsko-ma\u0111arskih odnosa, saop\u0161teno je iz njegovog Kabineta.<\/p>","protected":false},"author":13,"featured_media":963408,"comment_status":"open","ping_status":"open","sticky":false,"template":"","format":"standard","meta":{"_acf_changed":false,"footnotes":"","jetpack_publicize_message":"","jetpack_publicize_feature_enabled":true,"jetpack_social_post_already_shared":true,"jetpack_social_options":{"image_generator_settings":{"template":"highway","default_image_id":0,"font":"","enabled":false},"version":2}},"categories":[7],"tags":[1698,31625],"naslovna":[],"class_list":["post-963407","post","type-post","status-publish","format-standard","has-post-thumbnail","hentry","category-politika","tag-aleksa-becic","tag-peter-hetei"],"acf":[],"jetpack_publicize_connections":[],"_links":{"self":[{"href":"https:\/\/gradski.me\/en\/wp-json\/wp\/v2\/posts\/963407","targetHints":{"allow":["GET"]}}],"collection":[{"href":"https:\/\/gradski.me\/en\/wp-json\/wp\/v2\/posts"}],"about":[{"href":"https:\/\/gradski.me\/en\/wp-json\/wp\/v2\/types\/post"}],"author":[{"embeddable":true,"href":"https:\/\/gradski.me\/en\/wp-json\/wp\/v2\/users\/13"}],"replies":[{"embeddable":true,"href":"https:\/\/gradski.me\/en\/wp-json\/wp\/v2\/comments?post=963407"}],"version-history":[{"count":1,"href":"https:\/\/gradski.me\/en\/wp-json\/wp\/v2\/posts\/963407\/revisions"}],"predecessor-version":[{"id":963409,"href":"https:\/\/gradski.me\/en\/wp-json\/wp\/v2\/posts\/963407\/revisions\/963409"}],"wp:featuredmedia":[{"embeddable":true,"href":"https:\/\/gradski.me\/en\/wp-json\/wp\/v2\/media\/963408"}],"wp:attachment":[{"href":"https:\/\/gradski.me\/en\/wp-json\/wp\/v2\/media?parent=963407"}],"wp:term":[{"taxonomy":"category","embeddable":true,"href":"https:\/\/gradski.me\/en\/wp-json\/wp\/v2\/categories?post=963407"},{"taxonomy":"post_tag","embeddable":true,"href":"https:\/\/gradski.me\/en\/wp-json\/wp\/v2\/tags?post=963407"},{"taxonomy":"naslovna","embeddable":true,"href":"https:\/\/gradski.me\/en\/wp-json\/wp\/v2\/naslovna?post=963407"}],"curies":[{"name":"wp","href":"https:\/\/api.w.org\/{rel}","templated":true}]}}