{"id":963376,"date":"2026-04-28T16:38:00","date_gmt":"2026-04-28T14:38:00","guid":{"rendered":"https:\/\/gradski.me\/?p=963376"},"modified":"2026-04-28T16:31:04","modified_gmt":"2026-04-28T14:31:04","slug":"bozovic-sdt-uskoro-u-novoj-zgradi-reforme-u-toku","status":"publish","type":"post","link":"https:\/\/gradski.me\/en\/politika\/bozovic-sdt-uskoro-u-novoj-zgradi-reforme-u-toku\/","title":{"rendered":"Bo\u017eovi\u0107: SDT soon in new building, reforms underway"},"content":{"rendered":"<p>&#8222;Kod nas ne stanuje, odnosno ne po\u0161tuje se \u010dlan 35 Ustava Crne Gore pretpostavka nevinosti, i to se radi uporno&#8220;, kategori\u010dan je Huter.<\/p>\n\n\n\n<p>Demokrate poru\u010duju da ako \u017eelimo pravdu moramo ulagati u sistem koji brine o tome, Mom\u010dilo Lajkovi\u0107.<\/p>\n\n\n\n<p>&#8222;Ako ho\u0107emo borbu protiv kriminala onda moramo obezbijediti uslove za one koji tu pravdu vode&#8220;, navodi on.<\/p>\n\n\n\n<p>Stara zgrada Vlade u Podgorici trebalo bi uskoro da bude spremna za useljenje Specijalnog dr\u017eavnog tu\u017eila\u0161tva i Specijalnog policijskog odjeljenja, otkriva ministar Bo\u017eovi\u0107.<\/p>\n\n\n\n<p>Dani su u pitanju, ili mo\u017eda nekoliko sedmica, da se zavr\u0161i taj projekat.<\/p>\n\n\n\n<p>Poslanica DPS-a Sonja Popovi\u0107 ocenjuje da Evropska unija \u017eeli Crnu Goru da primi u svoje \u010dlanstvo, uprkos, kako tvrdi, Vladi koja je su\u0161tinski antievropska.<\/p>\n\n\n\n<p>&#8222;Da \u0107emo obezbijediti sve uslove da ovu vlast po\u0161aljemo u opoziciju&#8220;, ka\u017ee Popovi\u0107.<\/p>\n\n\n\n<p>Podr\u0161ka EU nije beskona\u010dna, ukazuje Boris Mugo\u0161a iz SD-a.<\/p>\n\n\n\n<p>&#8222;Morate da znate da nam je Evropska, ako mi se rekli slede\u0107u stvar: dobro nam je nacrtala prekomjerno zapo\u0161ljavanje, i dobro nam je nacrtala koga ste sve doveli u ove 3 godine da obavlja odre\u0111ene funkcije sa aspekta struke&#8220;, a\u017ee Mugo\u0161a.<\/p>\n\n\n\n<p>Adel Omeragi\u0107 iz Bo\u0161nja\u010dke stranke tvrdi da pojedini portali vode kampanju protiv te partije.<\/p>\n\n\n\n<p>&#8222;Sa ovakvim naslovom: &#8222;Rahmetli Bo\u0161nja\u010dka stranka&#8220;&#8220;, ukazuje Omeragi\u0107.<\/p>\n\n\n\n<p>Ministar Bo\u017eovi\u0107 podsje\u0107a da je Vlada predlo\u017eila izmjene i dopune medijskih zakona.<\/p>\n\n\n\n<p>&#8222;Mislim da u tim komentarima, evo odmah sad da ka\u017eem, sigurno se nalaze izlivi i te\u0161kog govora mr\u017enje&#8220;, navodi ministar.<\/p>\n\n\n\n<p>Predstavnici gra\u0111ana zatim su pre\u0161li na raspravu o prijedlogu zakona o izmjeni zakona o potro\u0161a\u010dkim kreditima.<\/p>\n\n\n\n<p>Predlaga\u010di su poslanici Na\u0111a Lakovi\u0107 i Nikola Camaj.<\/p>\n\n\n\n<p>Preko 100. 000 gra\u0111ana Crne Gore zadu\u017eeno je kod komercijalnih banaka, potcrtava poslanica Demokrata Zdenka Popovi\u0107.<\/p>\n\n\n\n<p>&#8222;Zadu\u017eenje gra\u0111ana po osnovu kredita je negdje oko 2. 430. 000. 000 eura&#8220;, navodi ona.<\/p>\n\n\n\n<p>Cijene gotovo svih proizvoda rastu, upozorava Elvir Zvrko iz DPS-a.<\/p>\n\n\n\n<p>&#8222;Rast cijena hrane u protekloj godini koji je dva puta ve\u0107i u odnosu na rast cijena u Evropskoj uniji, rast cijena lijekova i do tri puta&#8220;, ukazuje Zvrko.<\/p>\n\n\n\n<p>Poslanici \u0107e se naknadno izjasniti o izmjenama Zakona o izvr\u0161enju i obezbje\u0111enju i o Zakonu o izmjeni zakona o potro\u0161a\u010dkim kreditima.<\/p>","protected":false},"excerpt":{"rendered":"<p>Ministar pravde Bojan Bo\u017eovi\u0107 obja\u0161njava da predlo\u017eene izmjene Zakona o izvr\u0161enju i obezbje\u0111enju imaju, kako je naveo, dvostruki cilj: uskla\u0111ivanje nacionalnog zakonodavstva sa pravnom tekovinom Evropske unije i unapre\u0111enje njegove prakti\u010dne primjene kroz otklanjanje nedostataka uo\u010denih u dosada\u0161njoj praksi. Oskar Huter iz DPS-a pita ministra \u0161to nam zna\u010di uskla\u0111ivanje sa evropskim vrijednostima, kad, kako tvrdi, ne po\u0161tujemo ni sopstveni Ustav.<\/p>","protected":false},"author":13,"featured_media":916102,"comment_status":"open","ping_status":"open","sticky":false,"template":"","format":"standard","meta":{"_acf_changed":false,"footnotes":"","jetpack_publicize_message":"","jetpack_publicize_feature_enabled":true,"jetpack_social_post_already_shared":true,"jetpack_social_options":{"image_generator_settings":{"template":"highway","default_image_id":0,"font":"","enabled":false},"version":2}},"categories":[7],"tags":[2023,183],"naslovna":[908],"class_list":["post-963376","post","type-post","status-publish","format-standard","has-post-thumbnail","hentry","category-politika","tag-bojan-bozovic-3","tag-sdt","naslovna-izdvajamo"],"acf":[],"jetpack_publicize_connections":[],"_links":{"self":[{"href":"https:\/\/gradski.me\/en\/wp-json\/wp\/v2\/posts\/963376","targetHints":{"allow":["GET"]}}],"collection":[{"href":"https:\/\/gradski.me\/en\/wp-json\/wp\/v2\/posts"}],"about":[{"href":"https:\/\/gradski.me\/en\/wp-json\/wp\/v2\/types\/post"}],"author":[{"embeddable":true,"href":"https:\/\/gradski.me\/en\/wp-json\/wp\/v2\/users\/13"}],"replies":[{"embeddable":true,"href":"https:\/\/gradski.me\/en\/wp-json\/wp\/v2\/comments?post=963376"}],"version-history":[{"count":1,"href":"https:\/\/gradski.me\/en\/wp-json\/wp\/v2\/posts\/963376\/revisions"}],"predecessor-version":[{"id":963378,"href":"https:\/\/gradski.me\/en\/wp-json\/wp\/v2\/posts\/963376\/revisions\/963378"}],"wp:featuredmedia":[{"embeddable":true,"href":"https:\/\/gradski.me\/en\/wp-json\/wp\/v2\/media\/916102"}],"wp:attachment":[{"href":"https:\/\/gradski.me\/en\/wp-json\/wp\/v2\/media?parent=963376"}],"wp:term":[{"taxonomy":"category","embeddable":true,"href":"https:\/\/gradski.me\/en\/wp-json\/wp\/v2\/categories?post=963376"},{"taxonomy":"post_tag","embeddable":true,"href":"https:\/\/gradski.me\/en\/wp-json\/wp\/v2\/tags?post=963376"},{"taxonomy":"naslovna","embeddable":true,"href":"https:\/\/gradski.me\/en\/wp-json\/wp\/v2\/naslovna?post=963376"}],"curies":[{"name":"wp","href":"https:\/\/api.w.org\/{rel}","templated":true}]}}