{"id":963354,"date":"2026-04-28T15:56:00","date_gmt":"2026-04-28T13:56:00","guid":{"rendered":"https:\/\/gradski.me\/?p=963354"},"modified":"2026-04-28T17:11:26","modified_gmt":"2026-04-28T15:11:26","slug":"markovic-direktori-skola-su-zvali-noc-prije-izbora-da-podsjete-ko-treba-da-se-zaokruzi","status":"publish","type":"post","link":"https:\/\/gradski.me\/en\/politika\/markovic-direktori-skola-su-zvali-noc-prije-izbora-da-podsjete-ko-treba-da-se-zaokruzi\/","title":{"rendered":"Markovi\u0107: School principals called the night before the election to \"remind\" who should be rounded up"},"content":{"rendered":"<p>&#8222;Prije programa Evropa sad koji je napravio tada\u0161nji ministar finansija a sada\u0161nji premijer Milojko Spaji\u0107, da po\u010dnem od mog primjera, plata mi je bila 2020. godine 520 eura. Jako niske plate ve\u0107 dugi niz godina. Prosvjetni radnici koji me danas slu\u0161aju ka\u017eem im da nije ni danas sjajno ali je puno bolje i trudi\u0107emo se da bude jo\u0161 bolje. Tada su bili na rubu egzistencije, podizali su se krediti da kupimo patike i knjige. 100 eura je bilo samo za knjige. Radi\u0107emo da bude bolje svima. Ali makar da podsjetim da su ud\u017ebenici danas makar u osnovnoj \u0161koli besplatni\u201c, navela je Markovi\u0107eva.<\/p>\n\n\n\n<p>Dodaje i da ne\u0107e pri\u010dati o drugim cijenama, cijenama ogrijeva, hrane\u2026<\/p>\n\n\n\n<p>&#8222;\u010culi smo da su visoke cijene. Trudimo se da se borimo protiv inflacije. Ipak, ni\u017ea nam je inflacija od mnogih iz okru\u017eenjaa prosje\u010dna plata nam je 1.100 eura. Samo se treba vratiti u pro\u0161lost i sjetiti se kako su \u017eivjeli ne samo prosvjetni radnici nego i penzioneri. Kako je danas minimalna penzija 450 eura, pa dvoje penzionera danas u ku\u0107i prima 900 evra. Kako su oni prije pre\u017eivljavali sa 440 eura? Jesu li imali za hranu, struju, ljekove i sli\u010dno\u201c, upitala je Markovi\u0107eva.<\/p>\n\n\n\n<p>Dodala je da je gotovo nemogu\u0107e da danas mladi bra\u010dni par kupi stan, ali i da se zbog toga gradi Velje Brdo.<\/p>\n\n\n\n<p>&#8222;Krenulo je i vjerujem u taj projekat. Mislim i da \u0107e gra\u0111ani do kraja godine i vidjeti te stanove na Veljem brdu\u201c, navela je ona.<\/p>\n\n\n\n<p>A odgovaraju\u0107i na komentar poslanice DPS-a Zoje Bojani\u0107 Lalovi\u0107, Markovi\u0107 je kazala da ona mo\u017ee svakoga da pogleda u o\u010di.<\/p>\n\n\n\n<p>\u201ePodsjeti\u0107u ponovo da se obra\u010dun bolovanja u \u0161kolama vr\u0161i zajedno sa Ministarstvom finansija. Obra\u010dun se vr\u0161i zakonito. Sve ostalo \u0161to sam rekla ponovi\u0107u i uvijek \u0107u ponavljati a to je kako je prosvjetni radnik tretiran. Nije smio progovoriti u \u0161kolama. Da, ja sam dobila posao za vrijeme DPS-a, ali jeste bilo i nekog vremena kada je neko mogao pro\u0107i. Ali zadnjih 10-15 godina imali ste direktore koji su u izbore u subotu ve\u010de zvali zaposlene da napomenu koga \u0107e da zaokru\u017ee. Pa kada su bili konkursi u \u0161kolama, morao je zadnjih 10 godina neko biti crnogorske nacionalnosti \u0161to je pretu\u017eno jer su se dijelili. Zamislite da su u nekim \u0161kolama bili spiskovi ko je bio Srbin u \u0161koli od nastavnika, \u010dak ko je bio od u\u010denika\u201c, navela je Markovi\u0107 dodaju\u0107i da mo\u017ee navesti i \u0161kolu.<\/p>\n\n\n\n<p>Tako su se, dodaje, dobijali poslovi \u2013 morala se uzeti \u010dlanska karta DPS-a ili SD-a.<\/p>\n\n\n\n<p>&#8222;Nemojte mene. Mogu pogledati svakog gra\u0111anina u o\u010di\u201c, navela je ona.<\/p>\n\n\n\n<p><\/p>","protected":false},"excerpt":{"rendered":"<p>Poslanica Pokreta Evropa sad Branka Markovi\u0107 komentarisala je danas u Skup\u0161tini plate u prosvjeti, ali i plate\u017enu mo\u0107 gra\u0111ana.<\/p>","protected":false},"author":13,"featured_media":763215,"comment_status":"open","ping_status":"open","sticky":false,"template":"","format":"standard","meta":{"_acf_changed":false,"footnotes":"","jetpack_publicize_message":"","jetpack_publicize_feature_enabled":true,"jetpack_social_post_already_shared":true,"jetpack_social_options":{"image_generator_settings":{"template":"highway","default_image_id":0,"font":"","enabled":false},"version":2}},"categories":[7],"tags":[1879,88,529,451],"naslovna":[908],"class_list":["post-963354","post","type-post","status-publish","format-standard","has-post-thumbnail","hentry","category-politika","tag-branka-markovic","tag-dps","tag-pes","tag-skupstina","naslovna-izdvajamo"],"acf":[],"jetpack_publicize_connections":[],"_links":{"self":[{"href":"https:\/\/gradski.me\/en\/wp-json\/wp\/v2\/posts\/963354","targetHints":{"allow":["GET"]}}],"collection":[{"href":"https:\/\/gradski.me\/en\/wp-json\/wp\/v2\/posts"}],"about":[{"href":"https:\/\/gradski.me\/en\/wp-json\/wp\/v2\/types\/post"}],"author":[{"embeddable":true,"href":"https:\/\/gradski.me\/en\/wp-json\/wp\/v2\/users\/13"}],"replies":[{"embeddable":true,"href":"https:\/\/gradski.me\/en\/wp-json\/wp\/v2\/comments?post=963354"}],"version-history":[{"count":1,"href":"https:\/\/gradski.me\/en\/wp-json\/wp\/v2\/posts\/963354\/revisions"}],"predecessor-version":[{"id":963355,"href":"https:\/\/gradski.me\/en\/wp-json\/wp\/v2\/posts\/963354\/revisions\/963355"}],"wp:featuredmedia":[{"embeddable":true,"href":"https:\/\/gradski.me\/en\/wp-json\/wp\/v2\/media\/763215"}],"wp:attachment":[{"href":"https:\/\/gradski.me\/en\/wp-json\/wp\/v2\/media?parent=963354"}],"wp:term":[{"taxonomy":"category","embeddable":true,"href":"https:\/\/gradski.me\/en\/wp-json\/wp\/v2\/categories?post=963354"},{"taxonomy":"post_tag","embeddable":true,"href":"https:\/\/gradski.me\/en\/wp-json\/wp\/v2\/tags?post=963354"},{"taxonomy":"naslovna","embeddable":true,"href":"https:\/\/gradski.me\/en\/wp-json\/wp\/v2\/naslovna?post=963354"}],"curies":[{"name":"wp","href":"https:\/\/api.w.org\/{rel}","templated":true}]}}