{"id":963350,"date":"2026-04-28T15:40:00","date_gmt":"2026-04-28T13:40:00","guid":{"rendered":"https:\/\/gradski.me\/?p=963350"},"modified":"2026-04-28T17:12:48","modified_gmt":"2026-04-28T15:12:48","slug":"koprivica-ubijedjen-sam-u-svoju-nevinost-ja-sam-meta-a-dusko-roganovic-oruzje","status":"publish","type":"post","link":"https:\/\/gradski.me\/en\/hronika\/koprivica-ubijedjen-sam-u-svoju-nevinost-ja-sam-meta-a-dusko-roganovic-oruzje\/","title":{"rendered":"Koprivica: I am convinced of my innocence, I am the target and Du\u0161ko Roganovi\u0107 is the weapon"},"content":{"rendered":"<p>Kako prenosi Pobjeda, on je danas zatra\u017eio i da mu se ukine pritvor, \u0161to je tro\u010dlano vije\u0107e kojim predsjedava Nikola Bori\u010di\u0107, odbilo uz obrazlo\u017eenje da i dalje stoje razlozi po kojima mu je pritvor odre\u0111en.<\/p>\n\n\n\n<p>Podsje\u0107amo, osim Du\u0161ka Koprivice na optu\u017enici Specijalnog dr\u017eavnog tu\u017eila\u0161tva su i njegova supruga Radosava, sin Strahinja i zet Du\u0161ko Roganovi\u0107 koji je u bjekstvu.<\/p>\n\n\n\n<p>Tu\u017eila\u0161tvo sumnja da su oprali najmanje 964.850 eura koji poti\u010de od kriminala.<\/p>\n\n\n\n<p>Branilac Koprivica, advokat Danilo Mi\u0107ovi\u0107 predlo\u017eio je sudu da se Skaj materijal izuzme kao pravno nevaljan dokaz.<\/p>\n\n\n\n<p>Advokat Mi\u0107ovi\u0107 je zatra\u017eio da se anga\u017euje ekspertski tim sastavljen od vje\u0161taka digitalne forenzike, IT i vje\u0161taka telekomunikacijske struke koji bi izvje\u0161ta\u010dili, kako je rekao, operativne Skaj informacije.<\/p>\n\n\n\n<p>Sa druge strane, specijalna tu\u017eiteljka Tanja \u010colan Dereti\u0107 se usprotivila ovom prijedlogu i poru\u010dila da je Skaj pravno valjan dokaz te da je pribavljen zakonito.<\/p>\n\n\n\n<p>Sudija Nikola Bori\u010di\u0107 je odbio prijedlog advokata Mi\u0107ovi\u0107a i pozvao se na odluku Apelacionog suda u predmetu Darka Janji\u0107a , a u kojem je utvr\u0111eno da je Skaj komunikacija pravno valjan dokaz te da je pribavljen na zakonski na\u010din.<\/p>\n\n\n\n<p>Naredno su\u0111enje zakazano je za 4. jun, kada je planirano izvo\u0111enje Skaj komunikacija.<\/p>","protected":false},"excerpt":{"rendered":"<p>Penzionisani policijski funkcioner Du\u0161ko Koprivica kazao je danas pred Vi\u0161im sudom da je ubije\u0111en u svoju nevinost te da je o\u010dito da je on meta, a njegov zet Du\u0161ko Roganovi\u0107, koji je u bezbjednosnim slu\u017ebama ozna\u010den kao pripadnik kava\u010dkog klana, \u201coru\u017eje\u201d.<\/p>","protected":false},"author":13,"featured_media":963351,"comment_status":"open","ping_status":"open","sticky":false,"template":"","format":"standard","meta":{"_acf_changed":false,"footnotes":"","jetpack_publicize_message":"","jetpack_publicize_feature_enabled":true,"jetpack_social_post_already_shared":true,"jetpack_social_options":{"image_generator_settings":{"template":"highway","default_image_id":0,"font":"","enabled":false},"version":2}},"categories":[10],"tags":[10700,22349],"naslovna":[],"class_list":["post-963350","post","type-post","status-publish","format-standard","has-post-thumbnail","hentry","category-hronika","tag-dusko-koprivica","tag-dusko-roganovic"],"acf":[],"jetpack_publicize_connections":[],"_links":{"self":[{"href":"https:\/\/gradski.me\/en\/wp-json\/wp\/v2\/posts\/963350","targetHints":{"allow":["GET"]}}],"collection":[{"href":"https:\/\/gradski.me\/en\/wp-json\/wp\/v2\/posts"}],"about":[{"href":"https:\/\/gradski.me\/en\/wp-json\/wp\/v2\/types\/post"}],"author":[{"embeddable":true,"href":"https:\/\/gradski.me\/en\/wp-json\/wp\/v2\/users\/13"}],"replies":[{"embeddable":true,"href":"https:\/\/gradski.me\/en\/wp-json\/wp\/v2\/comments?post=963350"}],"version-history":[{"count":1,"href":"https:\/\/gradski.me\/en\/wp-json\/wp\/v2\/posts\/963350\/revisions"}],"predecessor-version":[{"id":963352,"href":"https:\/\/gradski.me\/en\/wp-json\/wp\/v2\/posts\/963350\/revisions\/963352"}],"wp:featuredmedia":[{"embeddable":true,"href":"https:\/\/gradski.me\/en\/wp-json\/wp\/v2\/media\/963351"}],"wp:attachment":[{"href":"https:\/\/gradski.me\/en\/wp-json\/wp\/v2\/media?parent=963350"}],"wp:term":[{"taxonomy":"category","embeddable":true,"href":"https:\/\/gradski.me\/en\/wp-json\/wp\/v2\/categories?post=963350"},{"taxonomy":"post_tag","embeddable":true,"href":"https:\/\/gradski.me\/en\/wp-json\/wp\/v2\/tags?post=963350"},{"taxonomy":"naslovna","embeddable":true,"href":"https:\/\/gradski.me\/en\/wp-json\/wp\/v2\/naslovna?post=963350"}],"curies":[{"name":"wp","href":"https:\/\/api.w.org\/{rel}","templated":true}]}}