{"id":963323,"date":"2026-04-28T20:28:00","date_gmt":"2026-04-28T18:28:00","guid":{"rendered":"https:\/\/gradski.me\/?p=963323"},"modified":"2026-04-28T19:22:34","modified_gmt":"2026-04-28T17:22:34","slug":"pogledajte-gdje-u-cetvrtak-nece-biti-struje-6","status":"publish","type":"post","link":"https:\/\/gradski.me\/en\/drustvo\/pogledajte-gdje-u-cetvrtak-nece-biti-struje-6\/","title":{"rendered":"See where there will be no power on Thursday"},"content":{"rendered":"<p><\/p>\n\n\n\n<p><strong>Podgorica<\/strong><\/p>\n\n\n\n<p>&#8211; u terminu od 08 do 15 sati: Brezojevice, dio Korita, Dio Veru\u0161e.<\/p>\n\n\n\n<p><strong>Danilovgrad<\/strong><\/p>\n\n\n\n<p>&#8211; u terminu od 08 do 15 sati: Lalevi\u0107i, dio Veljeg Brda.<\/p>\n\n\n\n<p>-from 8 am to 5 pm: Dolovi Komanski.<\/p>\n\n\n\n<p><strong>Cetinje<\/strong><\/p>\n\n\n\n<p>&#8211; u terminu od 13 do 14 sati: Njegu\u0161i i \u017danjev Do.<\/p>\n\n\n\n<p>- from 9 am to 3 pm: O\u0107evi\u0107i, Za\u010dir, Dubova, Ceklin, Strugari, Dobrsko Selo, Uli\u0107i, Bokovo, Markov Do, Kosijeri, \u0110inovi\u0107i, \u0160titari, Ora\u0161ani, Mikuli\u0107i and Tomi\u0107i.<\/p>\n\n\n\n<p><strong>Plu\u017eine<\/strong><\/p>\n\n\n\n<p>&#8211; u terminu od 08 do 15 sati:Kne\u017eevi\u0107i.<\/p>\n\n\n\n<p>-from 9 am to 5 pm: Milo\u0161evi\u0107i.<\/p>\n\n\n\n<p><strong>Budva<\/strong><\/p>\n\n\n\n<p>&#8211; u terminu od 09 do 15 sati:&nbsp; naselja Vojini\u0107i, Kulja\u010de i Vrijesno.<\/p>\n\n\n\n<p>-u terminu od 09 do 14 sati: Ba\u010dvice, dio naselja Buljarica Centar.<\/p>\n\n\n\n<p><strong>Bar&nbsp;&nbsp;&nbsp;&nbsp;&nbsp;&nbsp;&nbsp;&nbsp;<\/strong><\/p>\n\n\n\n<p>-u terminu od 09 do 14 sati:&nbsp;potro\u0161a\u010di Kova\u010devi\u0107a, potro\u0161a\u010di Gorane.<\/p>\n\n\n\n<p>-u terminu od 09:30 do 11 sati:&nbsp;&nbsp; komplet potro\u0161a\u010di Ostrosa, Bar Bilje, Ko\u0161tanjica, Matgu\u0161, Tejani, Kaci\u0107i, Bobovi\u0161te, Bljace, Gornje Briske, Livari, Besa, Donji i Gornji Muri\u0107i, Pin\u010di\u0107i.<\/p>\n\n\n\n<p><strong>Ulcinj<\/strong><\/p>\n\n\n\n<p>-u terminu od 08 do 15 sati: dio Donjeg \u0160toja iza d\u017eamije.<\/p>\n\n\n\n<p>-u terminu od 08:30 do 15 sati:&nbsp;&nbsp; dio naselja Donji \u0160toj kod novog mosta &#8222;Port Milena&#8220;.<\/p>\n\n\n\n<p><strong>Herceg Novi<\/strong><\/p>\n\n\n\n<p>&#8211; u terminu od 08 do 16 sati:&nbsp;\u0160\u0107epo\u0161evi\u0107i.<\/p>\n\n\n\n<p>-u terminu od&nbsp; 08 do 10 sati:&nbsp;&nbsp; Ku\u0107ansko polje.<\/p>\n\n\n\n<p>-u terminu od 08 do 14 sati: Prijevor.<\/p>\n\n\n\n<p>-u terminu od 07:30 do 18 sati:&nbsp;&nbsp; Beci, Prijevor.<\/p>\n\n\n\n<p><strong>Andrijevica<\/strong><\/p>\n\n\n\n<p>\u2013 from 8:30 a.m. to 2:30 p.m.: Part of the villages of Seoce, Peovac, Oblo Brdo, Kralje, Sjeno\u017eete, Gnjili Potok, Tre\u0161njevik and the summer cottages: \u0160tavna, Rudo Brdo and Gradi\u0161nica.<\/p>\n\n\n\n<p><strong>Berane<\/strong><\/p>\n\n\n\n<p>&#8211; u terminu od 08:30 do 14:30 sati: Dio sela Bubanje, Selo Kaludra.<\/p>\n\n\n\n<p><strong>Bijelo Polje<\/strong><\/p>\n\n\n\n<p>&#8211; u terminu od 08 do 14 sati: Babi\u0107a brijeg,Njegnjevo \u2013 nova.<\/p>\n\n\n\n<p>-u terminu od 09 do 16 sati: Ravna rijeka, Majstorovina, Godu\u0161a \u2013 Mu\u0161ovi\u0107i, Ivanje.<\/p>\n\n\n\n<p>-u terminu od 09 do 17 sati: \u010cokrlije, Grubje\u0161i\u0107i, Ki\u010dava, Mahala, Bijeli Potok, Krsta\u010de, Pavino Polje, Biokovac, Grab, Verga\u0161evi\u0107i, Kovren, Gorice, Slatka, Bli\u0161kovo, Sto\u017eer.<\/p>\n\n\n\n<p>-u terminu od 09 do 16 sati: Zaton, Zaton \u2013 Klinac, Lje\u0161nica.<\/p>\n\n\n\n<p><strong>Kola\u0161in<\/strong><\/p>\n\n\n\n<p>&#8211; u terminu od 08&nbsp; do 16 sati:Jasenova, Ocka gora, Me\u0111urije\u010dje, Cerovica, Tre\u0161njica, Lije\u0161nje, Bogutov do, Mrtvo Duboko, Bulje, Andrijevo, Smolice, RDC, Vlahovi\u0107i, Jasenov do, Gornja Rovca, Vi\u0161nje, Velje Duboko, Trmanje , Vijenac, \u0110u\u0111evina, Sela, Crkvine.<\/p>\n\n\n\n<p><strong>Mojkovac<\/strong><\/p>\n\n\n\n<p>&#8211; u terminu od 08 do 15 sati: Krstac \u2013 \u0160undek,Ckara,Ulo\u0161evina, Lojanice, Lepenac, \u017dari,Feratovo polje,Gojakovi\u0107i.<\/p>\n\n\n\n<p><strong>Petnjica<\/strong><\/p>\n\n\n\n<p>&#8211; u terminu od 08:30 do 14:30 sati:Lje\u0161nica, Tucanje ,Orahovo,Azane i Vr\u0161evo.Godo\u010delje, Lagatori, \u0110u\u0111, Murovac, Javorovo, Radmanci ,Bor, Savin Bor, Ponor , Dobrodole, Azane, Vrsajke, Da\u0161\u010da Rijeka i Kru\u0161\u010dica, repetitor \u0110u\u0111, pogon za preradu drveta- Radmanci, Srednja i osnovna \u0161kola, dio sela&nbsp; Vrbica.<\/p>\n\n\n\n<p><strong>Blue<\/strong><\/p>\n\n\n\n<p>\u2013 from 8:30 a.m. to 6 p.m.: Ski\u0107, Komara\u010da, Meteh, Jara, Babino Polje, Korita, Military Post, Prnjavor, Malo Selo, \u0110uri\u010dka Rijeka, Ski Lift, Hoti, Vojno Selo, Hakanje.<\/p>\n\n\n\n<p><strong>Pljevlja<\/strong><\/p>\n\n\n\n<p>&#8211; u terminu od 09 do 18 sati:Bjelo\u0161evina, Strahov Do, Rt, Puzi\u0107i, Plakali, Prehari.<\/p>\n\n\n\n<p>-u terminu od&nbsp; 09 do 17 sati:&nbsp;\u0110ur\u0111evi\u0107a Tara.<\/p>\n\n\n\n<p><strong>Ro\u017eaje<\/strong><\/p>\n\n\n\n<p>&#8211; u terminu od 09 &nbsp;do 14:30 sati: Selo Dra\u010denovac-,Selo Bi\u0161evo Donji&nbsp; dio zaseoka Re\u0111\u017eovi\u0107i.<\/p>\n\n\n\n<p><strong><em>The above works are being carried out with the aim of providing a higher quality and safer electricity supply. In case of bad weather conditions, the works will be postponed.<\/em><\/strong><\/p>\n\n\n\n<p><\/p>","protected":false},"excerpt":{"rendered":"<p>Zbog planiranih radova na mre\u017ei,\u00a0u \u010detvrtak 30. aprila, bez napajanja elektri\u010dnom energijom \u0107e ostati:<\/p>","protected":false},"author":13,"featured_media":898992,"comment_status":"open","ping_status":"open","sticky":false,"template":"","format":"standard","meta":{"_acf_changed":false,"footnotes":"","jetpack_publicize_message":"","jetpack_publicize_feature_enabled":true,"jetpack_social_post_already_shared":true,"jetpack_social_options":{"image_generator_settings":{"template":"highway","default_image_id":0,"font":"","enabled":false},"version":2}},"categories":[9],"tags":[20,22],"naslovna":[],"class_list":["post-963323","post","type-post","status-publish","format-standard","has-post-thumbnail","hentry","category-drustvo","tag-cedis","tag-struja"],"acf":[],"jetpack_publicize_connections":[],"_links":{"self":[{"href":"https:\/\/gradski.me\/en\/wp-json\/wp\/v2\/posts\/963323","targetHints":{"allow":["GET"]}}],"collection":[{"href":"https:\/\/gradski.me\/en\/wp-json\/wp\/v2\/posts"}],"about":[{"href":"https:\/\/gradski.me\/en\/wp-json\/wp\/v2\/types\/post"}],"author":[{"embeddable":true,"href":"https:\/\/gradski.me\/en\/wp-json\/wp\/v2\/users\/13"}],"replies":[{"embeddable":true,"href":"https:\/\/gradski.me\/en\/wp-json\/wp\/v2\/comments?post=963323"}],"version-history":[{"count":3,"href":"https:\/\/gradski.me\/en\/wp-json\/wp\/v2\/posts\/963323\/revisions"}],"predecessor-version":[{"id":963472,"href":"https:\/\/gradski.me\/en\/wp-json\/wp\/v2\/posts\/963323\/revisions\/963472"}],"wp:featuredmedia":[{"embeddable":true,"href":"https:\/\/gradski.me\/en\/wp-json\/wp\/v2\/media\/898992"}],"wp:attachment":[{"href":"https:\/\/gradski.me\/en\/wp-json\/wp\/v2\/media?parent=963323"}],"wp:term":[{"taxonomy":"category","embeddable":true,"href":"https:\/\/gradski.me\/en\/wp-json\/wp\/v2\/categories?post=963323"},{"taxonomy":"post_tag","embeddable":true,"href":"https:\/\/gradski.me\/en\/wp-json\/wp\/v2\/tags?post=963323"},{"taxonomy":"naslovna","embeddable":true,"href":"https:\/\/gradski.me\/en\/wp-json\/wp\/v2\/naslovna?post=963323"}],"curies":[{"name":"wp","href":"https:\/\/api.w.org\/{rel}","templated":true}]}}