{"id":963277,"date":"2026-04-28T17:25:00","date_gmt":"2026-04-28T15:25:00","guid":{"rendered":"https:\/\/gradski.me\/?p=963277"},"modified":"2026-04-28T17:15:49","modified_gmt":"2026-04-28T15:15:49","slug":"u-petrovaradinu-otvorena-izlozba-kult-blazene-ozane-kotorke","status":"publish","type":"post","link":"https:\/\/gradski.me\/en\/drustvo\/u-petrovaradinu-otvorena-izlozba-kult-blazene-ozane-kotorke\/","title":{"rendered":"Exhibition \"The Cult of Blessed Ozana Kotorka\" opened in Petrovaradin"},"content":{"rendered":"<p><\/p>\n\n\n\n<p><\/p>\n\n\n\n<p>Program je zapo\u010deo misnim slavljem u Crkvi svetog Jurja, koje je predvodio vele\u010dasni Stjepan \u0160umanovac, \u017eupni upravitelj crkve, dok je sve\u010dano otvaranje uprili\u010deno u Spomen-domu bana Josipa Jela\u010di\u0107a. U kulturnom dijelu programa nastupila je klapa Hrvatskog kulturno-prosvjetnog dru\u0161tva \u201eJela\u010di\u0107\u201c iz Petrovaradina.<\/p>\n\n\n\n<p>Prisutnima su se obratili upravnik Fondacije Goran Kauri\u0107, povjerenik Matice crnogorske u Srbiji dr Radonja Dubljevi\u0107 i generalna konzulka Crne Gore u Srbiji Nevenka Bo\u0161kovi\u0107-\u0106irovi\u0107. Publiku je kroz program vodio Stanko Popovi\u0107.&nbsp;<\/p>\n\n\n\n<p>Dubljevi\u0107 je istakao da je izlo\u017eba prire\u0111ena u susret jubileju 20 godina od obnove nezavisnosti Crne Gore, s ciljem njegovanja kulture sje\u0107anja i afirmacije li\u010dnosti koje su obilje\u017eile crnogorsku istoriju.<\/p>\n\n\n\n<p>Govore\u0107i o Bla\u017eenoj Ozani Kotorki, Dubljevi\u0107 je podsjetio da je ro\u0111ena kao Katarina Kosi\u0107 u Lje\u0161anskoj nahiji, te da je svojim \u017eivotom, posve\u0107enim vjeri, humanosti i slu\u017eenju drugima, ostavila dubok trag u Kotoru i \u0161ire. Nagla\u0161eno je da je Bla\u017eena Ozana za\u0161titnica Kotorske biskupije i suza\u0161titnica grada Kotora, kao i simbol zajedni\u0161tva, tolerancije i susreta razli\u010ditih tradicija.<\/p>\n\n\n\n<p>\u2013 Njenom misijom u hri\u0161\u0107anstvu ponosili su se i njeni pravoslavni bratstvenici iz crnogorskog Releza. Ponosni na nju, dodijelili su joj neformalnu titulu \u201eSvete Odive\u201c. Posebno je dirljiv trenutak kada su se na kotorskoj procesiji 1930. godine duhovno sreli sa svojom sestrom i odali joj po\u010dast. Danas, kada su civilizacijske vrijednosti dovedene u pitanje, kako na globalnom tako i na postjugoslovenskom prostoru, njen kult neka nam bude putokaz da prepoznamo hri\u0161\u0107ansko i ljudsko. Pomenimo i to da mnoge pristalice jedinstva isto\u010dne i zapadne crkve Bla\u017eenu Ozanu navode kao primjer ekumenizma. Njeno porijeklo i sveta misija inspirisali su istra\u017eiva\u010de, slikare i knji\u017eevne stvaraoce. Nama Crnogorcima ona je i primjer crnogorskog identiteta, sazdanog od ljepote razli\u010ditosti \u2013 rekao je Dubljevi\u0107.&nbsp;<\/p>","protected":false},"excerpt":{"rendered":"<p>U Petrovaradinu je sino\u0107 otvorena izlo\u017eba Matice crnogorske \u201eKult Bla\u017eene Ozane Kotorke\u201c, organizovana u saradnji sa Fondacijom \u201eSpomen-dom Bana Josipa Jela\u010di\u0107a\u201c, uz bogat prate\u0107i program povodom blagdana Bla\u017eene Ozane Kotorke. Doga\u0111aj je okupio mnogobrojnu publiku\u00a0<\/p>","protected":false},"author":7,"featured_media":963279,"comment_status":"open","ping_status":"open","sticky":false,"template":"","format":"standard","meta":{"_acf_changed":false,"footnotes":"","jetpack_publicize_message":"","jetpack_publicize_feature_enabled":true,"jetpack_social_post_already_shared":true,"jetpack_social_options":{"image_generator_settings":{"template":"highway","default_image_id":0,"font":"","enabled":false},"version":2}},"categories":[9],"tags":[23092,5906],"naslovna":[],"class_list":["post-963277","post","type-post","status-publish","format-standard","has-post-thumbnail","hentry","category-drustvo","tag-izlozba-pogled","tag-matica"],"acf":[],"jetpack_publicize_connections":[],"_links":{"self":[{"href":"https:\/\/gradski.me\/en\/wp-json\/wp\/v2\/posts\/963277","targetHints":{"allow":["GET"]}}],"collection":[{"href":"https:\/\/gradski.me\/en\/wp-json\/wp\/v2\/posts"}],"about":[{"href":"https:\/\/gradski.me\/en\/wp-json\/wp\/v2\/types\/post"}],"author":[{"embeddable":true,"href":"https:\/\/gradski.me\/en\/wp-json\/wp\/v2\/users\/7"}],"replies":[{"embeddable":true,"href":"https:\/\/gradski.me\/en\/wp-json\/wp\/v2\/comments?post=963277"}],"version-history":[{"count":1,"href":"https:\/\/gradski.me\/en\/wp-json\/wp\/v2\/posts\/963277\/revisions"}],"predecessor-version":[{"id":963281,"href":"https:\/\/gradski.me\/en\/wp-json\/wp\/v2\/posts\/963277\/revisions\/963281"}],"wp:featuredmedia":[{"embeddable":true,"href":"https:\/\/gradski.me\/en\/wp-json\/wp\/v2\/media\/963279"}],"wp:attachment":[{"href":"https:\/\/gradski.me\/en\/wp-json\/wp\/v2\/media?parent=963277"}],"wp:term":[{"taxonomy":"category","embeddable":true,"href":"https:\/\/gradski.me\/en\/wp-json\/wp\/v2\/categories?post=963277"},{"taxonomy":"post_tag","embeddable":true,"href":"https:\/\/gradski.me\/en\/wp-json\/wp\/v2\/tags?post=963277"},{"taxonomy":"naslovna","embeddable":true,"href":"https:\/\/gradski.me\/en\/wp-json\/wp\/v2\/naslovna?post=963277"}],"curies":[{"name":"wp","href":"https:\/\/api.w.org\/{rel}","templated":true}]}}