{"id":963269,"date":"2026-04-28T14:33:00","date_gmt":"2026-04-28T12:33:00","guid":{"rendered":"https:\/\/gradski.me\/?p=963269"},"modified":"2026-04-28T13:55:06","modified_gmt":"2026-04-28T11:55:06","slug":"963269","status":"publish","type":"post","link":"https:\/\/gradski.me\/en\/ekonomija\/963269\/","title":{"rendered":"Mugo\u0161a: Did the government secretly reduce excise taxes on diesel? It should have been cheaper by four cents."},"content":{"rendered":"<p><\/p>\n\n\n\n<p><\/p>\n\n\n\n<p>Ministarstvo energetike i rudarstva kasno sino\u0107 je saop\u0161tilo nove cijene goriva, po kojima je dizel pojeftinio jedan cent, a benzin \u010detiri i pet centi.<\/p>\n\n\n\n<p>\u201cPrije sedam dana je Vlada donijela odluku da akcizu koju je smanjila 50 odsto na dizel smanji na 35 odsto, zna\u010di da bude manje umanjenje dizela. Ja mislim da to nije bilo korektno prema gra\u0111anima, jer je cijena dizela oko 25 odsto ve\u0107a nego prije mjesec i po. Sino\u0107, da to javnost ne zna, Vlada mimo znanja i to 35 odsto smanjenja akciza koje je trebalo da va\u017ei mjesec dana, smanjuje na 30 odsto. Umjesto da je cijena dizela danas \u010detiri centa ni\u017ea, ona je jedan cent ni\u017ea. Ho\u0107u da znam je li Vlada tajno i organizovano svoju odluku od prije nedelju dana koja je trebalo da va\u017ei mjesec, korigovala u pravcu koji je negativniji za gra\u0111ane i da nas o tome nije obavijestila\u201d, kazao je Mugo\u0161a, prenosi CDM.<\/p>\n\n\n\n<p>Isti\u010de da to nije korektno, primjereno.<\/p>\n\n\n\n<p>\u201cTo se ne radi na taj na\u010din, prvo netransparetno, a drugo da se to radi u minut do 12 kada treba da se formiraju cijene, a sve da se cijene dizela ne bi smanjile \u010detiri centa nego jedan cent, \u0161to zna\u010di da o\u010digledno para fali. To me ne interesuje, interesuje me dio odgovornosti prema gra\u0111anima Crne Gore\u201d, istakao je Mugo\u0161a.<\/p>","protected":false},"excerpt":{"rendered":"<p>Poslanik Evropskog saveza Boris Mugo\u0161a kritikovao je tokom dana\u0161njeg skup\u0161tinskog zasijedanja Vladu zbog, kako tvrdi, netransparentnih izmjena odluka o smanjenju akciza na dizel, navode\u0107i da su izmjene sprovedene u vi\u0161e navrata i na \u0161tetu gra\u0111ana, bez jasnog obavje\u0161tavanja javnosti.<\/p>","protected":false},"author":7,"featured_media":625823,"comment_status":"open","ping_status":"open","sticky":false,"template":"","format":"standard","meta":{"_acf_changed":false,"footnotes":"","jetpack_publicize_message":"","jetpack_publicize_feature_enabled":true,"jetpack_social_post_already_shared":true,"jetpack_social_options":{"image_generator_settings":{"template":"highway","default_image_id":0,"font":"","enabled":false},"version":2}},"categories":[8],"tags":[2009,5161],"naslovna":[],"class_list":["post-963269","post","type-post","status-publish","format-standard","has-post-thumbnail","hentry","category-ekonomija","tag-gorivo","tag-mugosa"],"acf":[],"jetpack_publicize_connections":[],"_links":{"self":[{"href":"https:\/\/gradski.me\/en\/wp-json\/wp\/v2\/posts\/963269","targetHints":{"allow":["GET"]}}],"collection":[{"href":"https:\/\/gradski.me\/en\/wp-json\/wp\/v2\/posts"}],"about":[{"href":"https:\/\/gradski.me\/en\/wp-json\/wp\/v2\/types\/post"}],"author":[{"embeddable":true,"href":"https:\/\/gradski.me\/en\/wp-json\/wp\/v2\/users\/7"}],"replies":[{"embeddable":true,"href":"https:\/\/gradski.me\/en\/wp-json\/wp\/v2\/comments?post=963269"}],"version-history":[{"count":2,"href":"https:\/\/gradski.me\/en\/wp-json\/wp\/v2\/posts\/963269\/revisions"}],"predecessor-version":[{"id":963275,"href":"https:\/\/gradski.me\/en\/wp-json\/wp\/v2\/posts\/963269\/revisions\/963275"}],"wp:featuredmedia":[{"embeddable":true,"href":"https:\/\/gradski.me\/en\/wp-json\/wp\/v2\/media\/625823"}],"wp:attachment":[{"href":"https:\/\/gradski.me\/en\/wp-json\/wp\/v2\/media?parent=963269"}],"wp:term":[{"taxonomy":"category","embeddable":true,"href":"https:\/\/gradski.me\/en\/wp-json\/wp\/v2\/categories?post=963269"},{"taxonomy":"post_tag","embeddable":true,"href":"https:\/\/gradski.me\/en\/wp-json\/wp\/v2\/tags?post=963269"},{"taxonomy":"naslovna","embeddable":true,"href":"https:\/\/gradski.me\/en\/wp-json\/wp\/v2\/naslovna?post=963269"}],"curies":[{"name":"wp","href":"https:\/\/api.w.org\/{rel}","templated":true}]}}