{"id":963258,"date":"2026-04-28T13:40:35","date_gmt":"2026-04-28T11:40:35","guid":{"rendered":"https:\/\/gradski.me\/?p=963258"},"modified":"2026-04-28T13:54:06","modified_gmt":"2026-04-28T11:54:06","slug":"video-opstina-tivat-demantuje-navode-o-ubijanju-napustene-krupne-stoke","status":"publish","type":"post","link":"https:\/\/gradski.me\/en\/drustvo\/video-opstina-tivat-demantuje-navode-o-ubijanju-napustene-krupne-stoke\/","title":{"rendered":"(VIDEO) Tivat Municipality denies allegations of killing abandoned livestock"},"content":{"rendered":"<p><\/p>\n\n\n\n<p>Prema informacijama koje imaju, meta odstrela nije samo napu\u0161tena stoka, ve\u0107 i grla koja imaju vlasnike, a koja borave na ispa\u0161i.<\/p>\n\n\n\n<p>&#8222;Pomenuti gra\u0111ani su nam saop\u0161tili da sve ovo traje ve\u0107 nekoliko godina unazad, te da su se za pomo\u0107 obra\u0107ali svim relevantnim institucijama, ali da im niko nije iza\u0161ao u susret, te su stoga u nama vidjeli slamku spasa&#8220;, navodi se u saop\u0161tenju.<\/p>\n\n\n\n<p>Napominju da kao nevladina organizacija nemaju ingerencije i kapacitete da sprije\u010de eventualno vr\u0161enje krivi\u010dnih djela od strane op\u0161tinskih institucija, ali pozivaju sve relevantne dr\u017eavne institucije da se odmah uklju\u010de u rje\u0161avanje ovog problema.<\/p>\n\n\n\n<p>&#8222;Da se odmah ispita da li je na teritoriji tivatske op\u0161tine u prethodnom periodu bilo izvr\u0161enja navedenih krivi\u010dnih djela, ako jeste, da odmah budu procesuirana sva lica koja su izvr\u0161ila krivi\u010dno djelo mu\u010denje i ubijanje \u017eivotinja i naru\u0161avanje njihovog stani\u0161ta, ali i pogotovu ona lica koja su donijela naredbu za tako ne\u0161to. Na samom kraju \u017eelimo da izrazimo ogromnu zabrinutost zbog gore navedenih informacija koje smo dobili, a koje su potkrijepljene i video materijalom koji dajemo javnosti na uvid. Nagla\u0161avamo da \u0107e na\u0161a organizacija u narednom periodu uraditi sve \u0161to je u na\u0161oj mo\u0107i da se ovaj slu\u010daj do kraja ispita, te da eventualni po\u010dinioci budu privedeni licu pravde i snose odgovornost u skladu sa zakonskim odredbama&#8220;, kazali su u saop\u0161tenju.<\/p>\n\n\n\n<p><strong>Op\u0161tina Tivat:&nbsp;Neta\u010dne tvrdnje o postupanju komunalnih slu\u017ebi u Tivtu<\/strong><\/p>\n\n\n\n<p>Povodom navoda objavljenih na pojedinim portalima, u kojima se iznose tvrdnje da \u201etivatska komunalna slu\u017eba navodno koristi vatreno oru\u017eje nad napu\u0161tenom krupnom stokom\u201c, iz Op\u0161tine Tivat obavje\u0161tavaju javnost da su navedene informacije u potpunosti neistinite, neprovjerene i \u0161tetne po ugled institucija Op\u0161tine Tivat.<\/p>\n\n\n\n<p>Slu\u017eba komunalne policije Op\u0161tine Tivat, u saradnji sa Komunalnim preduze\u0107em i nadle\u017enim veterinarskim inspektorom, ve\u0107 du\u017ei vremenski period sprovodi organizovanu akciju hvatanja krupne stoke koja se, bez nadzora i adekvatne brige vlasnika, slobodno kre\u0107e, prete\u017eno u rubnim i vi\u0161im djelovima op\u0161tine.<\/p>\n\n\n\n<p>&#8222;Nagla\u0161avamo da se sve aktivnosti sprovode uz saglasnost Uprave za bezbjednost hrane, veterinu i fitosanitarne poslove i isklju\u010divo u skladu sa Zakonom o za\u0161titi i dobrobiti \u017eivotinja Crne Gore, kao i drugim va\u017ee\u0107im propisima i procedurama, bez upotrebe bilo kakvih sredstava koja bi mogla ugroziti \u017eivotinje. Kori\u0161\u0107enje montiranog snimka starog \u010detiri godine i tvrdnje o navodnoj upotrebi vatrenog oru\u017eja predstavljaju ozbiljno dovo\u0111enje javnosti u zabludu&#8220;, kazali su iz Op\u0161tine.<\/p>\n\n\n\n<p>Op\u0161tina Tivat je u potpunosti svjesna delikatnosti ovog problema i pristupa mu odgovorno, balansiraju\u0107i potrebu za\u0161tite \u017eivotinja sa obavezom za\u0161tite bezbjednosti gra\u0111ana i njihove imovine.<\/p>\n\n\n\n<p>Isti\u010du da je, u skladu sa zaklju\u010dcima i obavezama koje je utvrdila Vlada Crne Gore u cilju rje\u0161avanja problema lutaju\u0107e stoke, Op\u0161tina Tivat jedina op\u0161tina koja je u predvi\u0111enom roku ispunila zakonsku obavezu i izgradila tor za smje\u0161taj napu\u0161tenih \u017eivotinja, \u010dime je pokazala odgovoran i sistemski pristup ovom dugogodi\u0161njem problemu.<\/p>\n\n\n\n<p>&#8222;U tor, izgra\u0111en u skladu sa va\u017ee\u0107im propisima i smjernicama za zbrinjavanje napu\u0161tene stoke, do sada su smje\u0161tena \u010detiri grla bez u\u0161nih markica.<\/p>\n\n\n\n<p>Podsje\u0107aju da gra\u0111ani Tivta ve\u0107 godinama trpe ozbiljne posljedice nekontrolisanog kretanja napu\u0161tene i neadekvatno \u010duvane stoke, koja pri\u010dinjava zna\u010dajnu materijalnu \u0161tetu na privatnim imanjima i ugro\u017eava bezbjednost ljudi i saobra\u0107aja.<\/p>\n\n\n\n<p>&#8222;Poku\u0161aji da se zakonite i nu\u017ene aktivnosti Op\u0161tine prika\u017eu kao nasilne i nelegalne predstavljaju svjesno plasiranje dezinformacija. Pozivamo medije na po\u0161tovanje profesionalnih standarda i obavezu provjere informacija prije objavljivanja. Akcija hvatanja i zbrinjavanja krupne stoke bi\u0107e nastavljena i u narednom periodu, sa ciljem za\u0161tite gra\u0111ana i njihove imovine&#8220;, poru\u010duju iz Op\u0161tine Tivat.<\/p>\n\n\n\n<figure class=\"wp-block-video\"><video height=\"272\" style=\"aspect-ratio: 480 \/ 272;\" width=\"480\" controls src=\"https:\/\/gradski.me\/wp-content\/uploads\/2026\/04\/1000010171.mp4\"><\/video><\/figure>\n\n\n\n<p>Foto: Prijatelji \u017eivotinja<\/p>","protected":false},"excerpt":{"rendered":"<p>Iz nevladine organizacije \u201ePrijatelji \u017eivotinja Podgorica\u201c saop\u0161tili su da im se u prethodnom periodu javio ve\u0107i broj gra\u0111ana iz tivatske op\u0161tine, dostavljaju\u0107i i\u00a0video materijal\u00a0na kojem se, kako tvrde, vidi komunalna slu\u017eba koja problem napu\u0161tene krupne stoke rje\u0161ava pucanjem iz vatrenog oru\u017eja na \u017eivotinje.<\/p>","protected":false},"author":19,"featured_media":963260,"comment_status":"open","ping_status":"open","sticky":false,"template":"","format":"standard","meta":{"_acf_changed":false,"footnotes":"","jetpack_publicize_message":"","jetpack_publicize_feature_enabled":true,"jetpack_social_post_already_shared":true,"jetpack_social_options":{"image_generator_settings":{"template":"highway","default_image_id":0,"font":"","enabled":false},"version":2}},"categories":[9],"tags":[159],"naslovna":[],"class_list":["post-963258","post","type-post","status-publish","format-standard","has-post-thumbnail","hentry","category-drustvo","tag-tivat"],"acf":[],"jetpack_publicize_connections":[],"_links":{"self":[{"href":"https:\/\/gradski.me\/en\/wp-json\/wp\/v2\/posts\/963258","targetHints":{"allow":["GET"]}}],"collection":[{"href":"https:\/\/gradski.me\/en\/wp-json\/wp\/v2\/posts"}],"about":[{"href":"https:\/\/gradski.me\/en\/wp-json\/wp\/v2\/types\/post"}],"author":[{"embeddable":true,"href":"https:\/\/gradski.me\/en\/wp-json\/wp\/v2\/users\/19"}],"replies":[{"embeddable":true,"href":"https:\/\/gradski.me\/en\/wp-json\/wp\/v2\/comments?post=963258"}],"version-history":[{"count":2,"href":"https:\/\/gradski.me\/en\/wp-json\/wp\/v2\/posts\/963258\/revisions"}],"predecessor-version":[{"id":963267,"href":"https:\/\/gradski.me\/en\/wp-json\/wp\/v2\/posts\/963258\/revisions\/963267"}],"wp:featuredmedia":[{"embeddable":true,"href":"https:\/\/gradski.me\/en\/wp-json\/wp\/v2\/media\/963260"}],"wp:attachment":[{"href":"https:\/\/gradski.me\/en\/wp-json\/wp\/v2\/media?parent=963258"}],"wp:term":[{"taxonomy":"category","embeddable":true,"href":"https:\/\/gradski.me\/en\/wp-json\/wp\/v2\/categories?post=963258"},{"taxonomy":"post_tag","embeddable":true,"href":"https:\/\/gradski.me\/en\/wp-json\/wp\/v2\/tags?post=963258"},{"taxonomy":"naslovna","embeddable":true,"href":"https:\/\/gradski.me\/en\/wp-json\/wp\/v2\/naslovna?post=963258"}],"curies":[{"name":"wp","href":"https:\/\/api.w.org\/{rel}","templated":true}]}}