{"id":963243,"date":"2026-04-28T13:38:00","date_gmt":"2026-04-28T11:38:00","guid":{"rendered":"https:\/\/gradski.me\/?p=963243"},"modified":"2026-04-28T13:09:27","modified_gmt":"2026-04-28T11:09:27","slug":"aleksic-primio-delegaciju-united-kids-international-school","status":"publish","type":"post","link":"https:\/\/gradski.me\/en\/drustvo\/aleksic-primio-delegaciju-united-kids-international-school\/","title":{"rendered":"Aleksi\u0107 received a delegation from United Kids International School"},"content":{"rendered":"<p><\/p>\n\n\n\n<p>&#8220;Bila je to prilika za razgovor o novim tehnologijama, kao i savremenim tendencijama u sistemima obrazovanja na me\u0111unarodnom nivou. Poseban fokus stavljen je na inkluziju u obrazovanju&#8220;, navode iz Vlade.<\/p>\n\n\n\n<p>Aleksi\u0107 je razgovarao sa u\u010denicima srednje \u0161kole koji planiraju studije politi\u010dkih nauka i me\u0111unarodnih odnosa u inostranstvu. Odgovarao je na pitanja u\u010denika o politici Crne Gore, evropskoj budu\u0107nosti dr\u017eave, socijalnom dijalogu, karijeri, odgovornosti, razlici izme\u0111u grana vlasti, dru\u0161tvenom aktivizmu mladih i obrazovanju.<\/p>\n\n\n\n<p>&#8220;Rukovoditeljka \u0110urovi\u0107 Azar poru\u010dila je da je saradnja od velike va\u017enosti za unaprje\u0111enje sistema obrazovanja, ukazuju\u0107i na potrebu pobolj\u0161anja polo\u017eaja internacionalnih \u0161kola u Crnoj Gori&#8220;, zaklju\u010duju u saop\u0161tenju iz Vlade Crne Gore.<\/p>","protected":false},"excerpt":{"rendered":"<p>Potpredsjednik Vlade Crne Gore za obrazovanje, nauku i odnose sa vjerskim zajednicama dr Budimir Aleksi\u0107 primio je danas delegaciju United Kids International School iz Podgorice, na \u010delu sa rukovoditeljkom Tijanom \u0110urovi\u0107 Azar i profesorkom Ketrin Stogner, saop\u0161teno je iz Vlade Crne Gore.<\/p>","protected":false},"author":14,"featured_media":963245,"comment_status":"open","ping_status":"open","sticky":false,"template":"","format":"standard","meta":{"_acf_changed":false,"footnotes":"","jetpack_publicize_message":"","jetpack_publicize_feature_enabled":true,"jetpack_social_post_already_shared":true,"jetpack_social_options":{"image_generator_settings":{"template":"highway","default_image_id":0,"font":"","enabled":false},"version":2}},"categories":[9],"tags":[5947,31593],"naslovna":[],"class_list":["post-963243","post","type-post","status-publish","format-standard","has-post-thumbnail","hentry","category-drustvo","tag-budimir-aleksic","tag-united-kids-international-school"],"acf":[],"jetpack_publicize_connections":[],"_links":{"self":[{"href":"https:\/\/gradski.me\/en\/wp-json\/wp\/v2\/posts\/963243","targetHints":{"allow":["GET"]}}],"collection":[{"href":"https:\/\/gradski.me\/en\/wp-json\/wp\/v2\/posts"}],"about":[{"href":"https:\/\/gradski.me\/en\/wp-json\/wp\/v2\/types\/post"}],"author":[{"embeddable":true,"href":"https:\/\/gradski.me\/en\/wp-json\/wp\/v2\/users\/14"}],"replies":[{"embeddable":true,"href":"https:\/\/gradski.me\/en\/wp-json\/wp\/v2\/comments?post=963243"}],"version-history":[{"count":1,"href":"https:\/\/gradski.me\/en\/wp-json\/wp\/v2\/posts\/963243\/revisions"}],"predecessor-version":[{"id":963247,"href":"https:\/\/gradski.me\/en\/wp-json\/wp\/v2\/posts\/963243\/revisions\/963247"}],"wp:featuredmedia":[{"embeddable":true,"href":"https:\/\/gradski.me\/en\/wp-json\/wp\/v2\/media\/963245"}],"wp:attachment":[{"href":"https:\/\/gradski.me\/en\/wp-json\/wp\/v2\/media?parent=963243"}],"wp:term":[{"taxonomy":"category","embeddable":true,"href":"https:\/\/gradski.me\/en\/wp-json\/wp\/v2\/categories?post=963243"},{"taxonomy":"post_tag","embeddable":true,"href":"https:\/\/gradski.me\/en\/wp-json\/wp\/v2\/tags?post=963243"},{"taxonomy":"naslovna","embeddable":true,"href":"https:\/\/gradski.me\/en\/wp-json\/wp\/v2\/naslovna?post=963243"}],"curies":[{"name":"wp","href":"https:\/\/api.w.org\/{rel}","templated":true}]}}