{"id":963229,"date":"2026-04-28T12:36:43","date_gmt":"2026-04-28T10:36:43","guid":{"rendered":"https:\/\/gradski.me\/?p=963229"},"modified":"2026-04-28T12:40:05","modified_gmt":"2026-04-28T10:40:05","slug":"na-zahtjev-mz-sveti-stefan-abazovic-ce-inicirati-anketni-odbor","status":"publish","type":"post","link":"https:\/\/gradski.me\/en\/ekonomija\/na-zahtjev-mz-sveti-stefan-abazovic-ce-inicirati-anketni-odbor\/","title":{"rendered":"At the request of the Sveti Stefan MZ, Abazovi\u0107 will initiate an Inquiry Committee"},"content":{"rendered":"<p><\/p>\n\n\n\n<p><\/p>\n\n\n\n<p>Abazovi\u0107 je sino\u0107 razgovarao sa predstavnicima MZ Sveti Stefan, koji su zabrinuti zbog tajnog Sporazuma Vlade Crne Gore sa zakupcem Aman Resortom, jer se godinama suprotstavljaju investicionim dogovorima koji su sumnjivi, \u0161tetni po prostor i interese mje\u0161tana.<\/p>\n\n\n\n<p>\u201c\u017dao mi je \u0161to neki ljudi koji su bili glasni u odbrani Svetog Stefana sada \u0107ute. Vjerovatno svako ima svoje razloge, ali dok bude ovako razumnih glasova iz Mjesne zajednice, iz Budve, iz cjele Crne Gore, mislim da \u0107emo zajedno uspjeti da odbranimo ono \u0161to je najljep\u0161e u na\u0161oj zemlji. Ako neko misli da treba da uni\u0161timo Sveti Stefan, kao \u0161to smo uni\u0161tili brojne lokalitete, ja smatram takvog \u010dovjeka, takvu individu neprijateljem Budve, neprijateljem Crne Gore i neprijateljem gra\u0111ana,\u201d rekao je Abazovi\u0107 nakon susreta sa predstavnicima MZ Sveti Stefan.<\/p>\n\n\n\n<p>Ocijenio je da oni nesumnjivo imaju njegovu punu podr\u0161ku godinama unazad. Podsjetio je da je Sveti Stefan najprepoznatljivija razglednica Crne Gore i vjerovatno, najvrednije ili jedno od najvrednijih kulturnih dobara.<\/p>\n\n\n\n<p>\u201cSmatram da mje\u0161tani sa pravom tra\u017ee podr\u0161ku cijele po\u0161tene Crna Gore da se njihov dugovodi\u0161nji problem rije\u0161i. Pri\u010dali smo o nekim modalitetima, kako mo\u017eemo konkretno da pomognemo. Bila je ideja, otvorila se ideja da eventualno u\u0111emo u proceduru formiranja anketnog odbora vezano za Sveti Stefan. Ja je prihvatam objeru\u010dke, pozivam poslanike svih partija, bez ikakvih razlika, da takvu inicijativu procesuiramo zajedni\u010dki i da tra\u017eimo odgovore od svih nadle\u017enih organa i svih ljudi koji nam mogu pomo\u0107i da dobijemo vi\u0161e informacija na kraju da idemo prema tome da ovo vratimo dr\u017eavi,\u201d rekao je.<\/p>\n\n\n\n<p>Lider URE je podsjetio da niko nije protiv toga da se otvori Sveti Stefan i da dosta ljudi sa lokalnog nivoa i iz centralne vlasti poku\u0161ava da manipuli\u0161u time.<\/p>\n\n\n\n<p>Jedino protiv \u010dega se ovi ljudi bune, a \u010dime sam ja potpuno saglasan, dodao je, jeste da Milo\u010darski park i cijela ova zona Svetog Stefana poslu\u017ei za izgradnju stanova za prodaju.&nbsp;<\/p>\n\n\n\n<p>\u201cTo bi uni\u0161tilo cijelu vrijednost koju ovo podru\u010dje ima. To bi onemogu\u0107ilo gra\u0111ane Pa\u0161trovi\u0107e, starosjedvioce da mogu da pristupe javnom dobru. Njima Ustav garantuje kao i svim gra\u0111anima da mogu da do\u0111u do mora, da mogu da do\u0111u do pla\u017ee. Mi se jednostavno borimo protiv toga\u201d, rekao je Abazovi\u0107.<\/p>\n\n\n\n<p>On je ranije objavio detalje ugovora o otvaranju Svetog Stefana sa zakupcima hotela, Adriatik propertisom i Aman resortom, koji podrazumjeva nastavak gradnje na lokaciji nekada\u0161njeg hotela Kralji\u010dina pla\u017ea, odnosno projekat izgradnje hotela Janu Kralji\u010dina pla\u017ea u skladu sa rje\u0161enjem o ru\u0161enju starog hotela i izdatim tehni\u010dko urbanisti\u010dkim uslovima za izgradnju novog objekta, koje je svojevremno izdala DPS Vlada.<\/p>\n\n\n\n<p>Vlada Milojka Spaji\u0107a do sada nije objavila dokument o poravnanju i o uslovima ponovnog otvaranja Svetog Stefana.<\/p>","protected":false},"excerpt":{"rendered":"<p>Lider Gra\u0111anskog pokreta URA Dritan Abazovi\u0107 inicira\u0107e na zahtjev Mjesne zajednice Sveti Stefan formiranje Anketnog odbora u Skup\u0161tini Crne Gore, kako bi se utvrdili svi detalji oko njegovog otvaranja i eventualne gradnje u Milo\u010derskom parku.<\/p>","protected":false},"author":7,"featured_media":924480,"comment_status":"open","ping_status":"open","sticky":false,"template":"","format":"standard","meta":{"_acf_changed":false,"footnotes":"","jetpack_publicize_message":"","jetpack_publicize_feature_enabled":true,"jetpack_social_post_already_shared":true,"jetpack_social_options":{"image_generator_settings":{"template":"highway","default_image_id":0,"font":"","enabled":false},"version":2}},"categories":[8],"tags":[23721,31591,294],"naslovna":[],"class_list":["post-963229","post","type-post","status-publish","format-standard","has-post-thumbnail","hentry","category-ekonomija","tag-dritan","tag-sevti-stefan","tag-ura"],"acf":[],"jetpack_publicize_connections":[],"_links":{"self":[{"href":"https:\/\/gradski.me\/en\/wp-json\/wp\/v2\/posts\/963229","targetHints":{"allow":["GET"]}}],"collection":[{"href":"https:\/\/gradski.me\/en\/wp-json\/wp\/v2\/posts"}],"about":[{"href":"https:\/\/gradski.me\/en\/wp-json\/wp\/v2\/types\/post"}],"author":[{"embeddable":true,"href":"https:\/\/gradski.me\/en\/wp-json\/wp\/v2\/users\/7"}],"replies":[{"embeddable":true,"href":"https:\/\/gradski.me\/en\/wp-json\/wp\/v2\/comments?post=963229"}],"version-history":[{"count":1,"href":"https:\/\/gradski.me\/en\/wp-json\/wp\/v2\/posts\/963229\/revisions"}],"predecessor-version":[{"id":963232,"href":"https:\/\/gradski.me\/en\/wp-json\/wp\/v2\/posts\/963229\/revisions\/963232"}],"wp:featuredmedia":[{"embeddable":true,"href":"https:\/\/gradski.me\/en\/wp-json\/wp\/v2\/media\/924480"}],"wp:attachment":[{"href":"https:\/\/gradski.me\/en\/wp-json\/wp\/v2\/media?parent=963229"}],"wp:term":[{"taxonomy":"category","embeddable":true,"href":"https:\/\/gradski.me\/en\/wp-json\/wp\/v2\/categories?post=963229"},{"taxonomy":"post_tag","embeddable":true,"href":"https:\/\/gradski.me\/en\/wp-json\/wp\/v2\/tags?post=963229"},{"taxonomy":"naslovna","embeddable":true,"href":"https:\/\/gradski.me\/en\/wp-json\/wp\/v2\/naslovna?post=963229"}],"curies":[{"name":"wp","href":"https:\/\/api.w.org\/{rel}","templated":true}]}}