{"id":963210,"date":"2026-04-28T12:20:00","date_gmt":"2026-04-28T10:20:00","guid":{"rendered":"https:\/\/gradski.me\/?p=963210"},"modified":"2026-04-28T12:22:45","modified_gmt":"2026-04-28T10:22:45","slug":"zenovic-na-pododboru-posvecenim-radom-i-mjerljivim-rezultatima-zatvaramo-sva-poglavlja-do-kraja-godine","status":"publish","type":"post","link":"https:\/\/gradski.me\/en\/politika\/zenovic-na-pododboru-posvecenim-radom-i-mjerljivim-rezultatima-zatvaramo-sva-poglavlja-do-kraja-godine\/","title":{"rendered":"Zenovi\u0107 at the Subcommittee: With dedicated work and measurable results, we are closing all chapters by the end of the year"},"content":{"rendered":"<p><\/p>\n\n\n\n<p>Tokom sastanka predstavljeni su rezultati i napredak u pregovara\u010dkim poglavljima 1 -Sloboda kretanja robe, 16 -Porezi, 29 -Carinska unija, kao i u poglavljima 20 -Preduzetni\u0161tvo i industrijska politika i 30 -Vanjski odnosi, koja su privremeno zatvorena.<\/p>\n\n\n\n<p>Sastanak je otvorio glavni pregovara\u010d Crne Gore sa Evropskom unijom <strong>Predrag Zenovi\u0107,<\/strong> a kopredsjedavali su mu, <strong>Kristof Zurek<\/strong> iz Generalnog direktorata EK za pro\u0161irenje i Isto\u010dno susjedstvo, sa evropske strane i \u0161efica Pregovara\u010dke radne grupe za poglavlje 30. Vanjski odnosi <strong>Aida Cekovi\u0107,<\/strong> sa crnogorske strane.<\/p>\n\n\n\n<p>Glavni pregovara\u010d Zenovi\u0107 je kazao da Crna Gora nastavlja da ostvaruje konkretne rezultate u navedenim poglavljima, uz sve izra\u017eeniji fokus na implementaciju. Poru\u010dio je da \u0107e posve\u0107enim radom i mjerljivim rezultatima, Crna Gora uspjeti da zatvori sva poglavlja do kraja godine.<\/p>\n\n\n\n<p>\u201eNa\u0161i napori usmjereni su ne samo na zakonodavno uskla\u0111ivanje, ve\u0107 i na obezbje\u0111ivanje efikasne primjene, modernizaciju administrativnih sistema i ja\u010danje institucionalnih kapaciteta. U tom smislu, o\u010dekujemo da \u0107e kontinuirani rad i mjerljivi rezultati omogu\u0107iti odlu\u010dan napredak ka zatvaranju poglavlja 1, 16 i 29, ali i svih ostalih do kraja 2026. godine\u201c, poru\u010dio je Zenovi\u0107.<\/p>\n\n\n\n<p>Zenovi\u0107 je kazao da \u010dlanstvo u Evropskoj uniji ostaje strate\u0161ki prioritet, a da proces pristupanja nastavlja da bude klju\u010dni pokreta\u010d ekonomskog razvoja, ja\u010danja institucija i unapre\u0111enja konkurentnosti.<\/p>\n\n\n\n<p>\u201ePoglavlja obuhva\u0107ena ovim Pododborom \u2014 sloboda kretanja robe, porezi, carinska unija, preduzetni\u0161tvo i industrijska politika, kao i vanjski odnosi \u2014 zajedno \u010dine okosnicu unutra\u0161njeg tr\u017ei\u0161ta EU. Ona predstavljaju \u201eazbuku\u201c ekonomske integracije, oblikuju\u0107i uslove za slobodan promet robe, predvidivo poslovno okru\u017eenje i efikasno funkcionisanje trgovine kako unutar Unije, tako i sa globalnim partnerima\u201c, kazao je glavni pregovara\u010d.<\/p>\n\n\n\n<p>Kopredsjedavaju\u0107i sa evropske strane <strong>Kristof Zurek<\/strong> je kazao da je ostvaren zna\u010dajan napredak u svim poglavljima koja su dio ovog Pododbora, ali da je potrebno poja\u010dati napore s ciljem privremenog zatvaranja svih poglavlja do kraja godine.<\/p>\n\n\n\n<p>\u201cU protekloj godini postignut je zna\u010dajan napredak u svim poglavljima o kojima smo danas razgovarali i ovo je trenutak da se cijeni uspjeh na\u0161eg zajedni\u010dkog rada, ali i da se udvostru\u010de napori kako bi se odr\u017eao pozitivan tok ka privremenom zatvaranju svih pregovara\u010dkih poglavlja ove godine. U narednim mjesecima bi\u0107e potrebno da poja\u010date svoje napore, posebno u poglavljima 1 (Slobodna kretanja robe) i 16 (Porezi). Proces pristupanja jeste i osta\u0107e u potpunosti zasnovan na zaslugama\u201d, kazao je Zurek.<\/p>\n\n\n\n<p>Kopredsjedavaju\u0107a sa crnogorske strane <strong>Aida Cekovi\u0107<\/strong>&nbsp; je podsjetila da je tokom protekle godine Crna Gora ostvarila napredak u uskla\u0111ivanju svog zakonodavstva sa pravnom tekovinom EU u oblasti trgovine, kao i da je nastavila da uskla\u0111uje svoje stavove sa stavovima Evropske unije, uklju\u010duju\u0107i i stavove u okviru Svjetske trgovinske organizacije (STO).<\/p>\n\n\n\n<p>\u201eU skladu sa dogovorenom Agendom, crnogorska strana je ve\u0107 9. aprila 2026. godine dostavila objedinjeni materijal sa prate\u0107im aneksima za sve ta\u010dke Agende, koji je na sveobuhvatan i kvalitetan na\u010din obuhvatio sva pitanja, \u0161to potvr\u0111uje i mali broj dodatnih pitanja dostavljenih od strane Evropske komisije\u201c, kazala je Cekovi\u0107.<\/p>\n\n\n\n<p>Predstavnici crnogorskih institucija su kolegama iz Evropske komisije predstavili postignute rezultate i razmijenili mi\u0161ljenja u pogledu ispunjenja zahtjeva koji proisti\u010du iz evropske agende u oblastima koje obuhvataju ova poglavlja.<\/p>\n\n\n\n<p>Zajedni\u010dki je ocijenjeno da je Crna Gora u periodu izme\u0111u dva sastanka nastavila sa sprovo\u0111enjem neophodnih reformi i dobrim rezultatima, \u0161to&nbsp; je vodi u zavr\u0161nicu pregovara\u010dkog procesa i osigurava mjesto u evropskoj porodici.<\/p>","protected":false},"excerpt":{"rendered":"<p>U Podgorici je danas, u hibridnom formatu, odr\u017ean devetnaesti sastanak Pododbora za trgovinu, industriju, carine i poreze izme\u0111u Crne Gore i Evropske unije, saop\u0161teno je iz Ministarstva evropskih poslova (MEP).<\/p>","protected":false},"author":14,"featured_media":963212,"comment_status":"open","ping_status":"open","sticky":false,"template":"","format":"standard","meta":{"_acf_changed":false,"footnotes":"","jetpack_publicize_message":"","jetpack_publicize_feature_enabled":true,"jetpack_social_post_already_shared":true,"jetpack_social_options":{"image_generator_settings":{"template":"highway","default_image_id":0,"font":"","enabled":false},"version":2}},"categories":[7],"tags":[31587,7442,11496],"naslovna":[908],"class_list":["post-963210","post","type-post","status-publish","format-standard","has-post-thumbnail","hentry","category-politika","tag-pododbor","tag-predrag-zenovic","tag-zatvaranje-poglavlja","naslovna-izdvajamo"],"acf":[],"jetpack_publicize_connections":[],"_links":{"self":[{"href":"https:\/\/gradski.me\/en\/wp-json\/wp\/v2\/posts\/963210","targetHints":{"allow":["GET"]}}],"collection":[{"href":"https:\/\/gradski.me\/en\/wp-json\/wp\/v2\/posts"}],"about":[{"href":"https:\/\/gradski.me\/en\/wp-json\/wp\/v2\/types\/post"}],"author":[{"embeddable":true,"href":"https:\/\/gradski.me\/en\/wp-json\/wp\/v2\/users\/14"}],"replies":[{"embeddable":true,"href":"https:\/\/gradski.me\/en\/wp-json\/wp\/v2\/comments?post=963210"}],"version-history":[{"count":1,"href":"https:\/\/gradski.me\/en\/wp-json\/wp\/v2\/posts\/963210\/revisions"}],"predecessor-version":[{"id":963213,"href":"https:\/\/gradski.me\/en\/wp-json\/wp\/v2\/posts\/963210\/revisions\/963213"}],"wp:featuredmedia":[{"embeddable":true,"href":"https:\/\/gradski.me\/en\/wp-json\/wp\/v2\/media\/963212"}],"wp:attachment":[{"href":"https:\/\/gradski.me\/en\/wp-json\/wp\/v2\/media?parent=963210"}],"wp:term":[{"taxonomy":"category","embeddable":true,"href":"https:\/\/gradski.me\/en\/wp-json\/wp\/v2\/categories?post=963210"},{"taxonomy":"post_tag","embeddable":true,"href":"https:\/\/gradski.me\/en\/wp-json\/wp\/v2\/tags?post=963210"},{"taxonomy":"naslovna","embeddable":true,"href":"https:\/\/gradski.me\/en\/wp-json\/wp\/v2\/naslovna?post=963210"}],"curies":[{"name":"wp","href":"https:\/\/api.w.org\/{rel}","templated":true}]}}