{"id":963173,"date":"2026-04-28T11:04:58","date_gmt":"2026-04-28T09:04:58","guid":{"rendered":"https:\/\/gradski.me\/?p=963173"},"modified":"2026-04-28T12:34:32","modified_gmt":"2026-04-28T10:34:32","slug":"medojevic-da-plati-spajicu-3-000-eura-zbog-povrede-casti-i-ugleda-odluku-da-objavi-u-medijima-o-svom-trosku","status":"publish","type":"post","link":"https:\/\/gradski.me\/en\/politika\/medojevic-da-plati-spajicu-3-000-eura-zbog-povrede-casti-i-ugleda-odluku-da-objavi-u-medijima-o-svom-trosku\/","title":{"rendered":"(VIDEO) Medojevi\u0107 da plati Spaji\u0107u 3.000 eura zbog povrede \u010dasti i ugleda, odluku da objavi u medijima o svom tro\u0161ku"},"content":{"rendered":"<p><\/p>\n\n\n\n<p><\/p>\n\n\n\n<p>Advokat je dodao da je sud nesporno utvrdio da su sve predmetne objave gospodina Medojevi\u0107a bile neosnovane sa o\u010diglednom uvredljivom sadr\u017einom, jer se njima na ru\u017ean i neprimjeren na\u010din vrije\u0111a tu\u017eilac, odnosno njegova \u010dast i ugled.<\/p>\n\n\n\n<p>Sud je akcentovao da su u pitanju moralno neprihvatljive kvalifikacije, za koje tu\u017eeni Medojevi\u0107 nije pru\u017eio bilo kakav dokaz kojim bi potvrdio svoje navode koje godinama iznosi na ra\u010dun na\u0161eg klijenta.<\/p>\n\n\n\n<p>Tu\u017eenog je sud obavezao da da isplati tu\u017eiocu 3.000 Eura, te da plati sudske tro\u0161kove i obavezan je tu\u017eeni da, o svom tro\u0161ku, objavi pravosna\u017enu presudu u najtira\u017enijim crnogorskim dnevnim \u0161tampanim medijima Vijestima, Pobjedi i Danu.<\/p>\n\n\n\n<p>Navedena presuda predstavlja zna\u010dajan korak ga dekontaminaciji dru\u0161tva od \u010ditanja i slu\u0161anja svakojakih neosnovanih optu\u017ebi i uvreda. Politi\u010dari, kao predstavnici naroda, su naro\u010dito du\u017eni da vode ra\u010duna o istinitosti njihovih izjava i optu\u017ebi, pa je sud ispravo sankcionisao neosnovane i neprimjerene tvrdnje tu\u017eenog.<\/p>\n\n\n\n<p>Na kraju, ova presuda predstavlja bitan doprinos mentalnoj higijeni dru\u0161tva i putokaz da nije te\u0161ko biti fin i da je uvijek bolje izabrati argumente umjesto uvreda i optu\u017ebi koje nemaju upori\u0161ta u realnosti.<\/p>\n\n\n\n<p>Dosu\u0111eni nov\u010dani iznos tu\u017eilac \u0107e uplatiti u humanitarne svrhe u cilju za\u0161tite autohtone vrste ugro\u017eenih mrkih medveda u Crnoj Gori, zaklju\u010dio je advokat Danilo Radulovi\u0107.<\/p>\n\n\n\n<figure class=\"wp-block-embed is-type-video is-provider-youtube wp-block-embed-youtube wp-embed-aspect-16-9 wp-has-aspect-ratio\"><div class=\"wp-block-embed__wrapper\">\n<iframe title=\"Advokat Danilo Radulovi\u0107, punomo\u0107nik premijera Spaji\u0107a\" width=\"800\" height=\"450\" src=\"https:\/\/www.youtube.com\/embed\/4lnXvZeXsiE?feature=oembed\" frameborder=\"0\" allow=\"accelerometer; autoplay; clipboard-write; encrypted-media; gyroscope; picture-in-picture; web-share\" referrerpolicy=\"strict-origin-when-cross-origin\" allowfullscreen><\/iframe>\n<\/div><\/figure>\n\n\n\n<p><\/p>","protected":false},"excerpt":{"rendered":"<p>Lider Pokreta za promjene, Neboj\u0161a Medojevi\u0107, mora\u0107e da isplati premijeru Milojku Spaji\u0107u tri hiljade eura zbog povrede \u010dasti i ugleda, nakon \u0161to je Vi\u0161i sud u Podgorici drugostepenom presudom potvrdio prvobitnu odluku u tom slu\u010daju.<\/p>","protected":false},"author":7,"featured_media":940494,"comment_status":"open","ping_status":"open","sticky":false,"template":"","format":"standard","meta":{"_acf_changed":false,"footnotes":"","jetpack_publicize_message":"","jetpack_publicize_feature_enabled":true,"jetpack_social_post_already_shared":true,"jetpack_social_options":{"image_generator_settings":{"template":"highway","default_image_id":0,"font":"","enabled":false},"version":2}},"categories":[7],"tags":[31582,3223],"naslovna":[910],"class_list":["post-963173","post","type-post","status-publish","format-standard","has-post-thumbnail","hentry","category-politika","tag-medojevic","tag-spajic","naslovna-preporuceno"],"acf":[],"jetpack_publicize_connections":[],"_links":{"self":[{"href":"https:\/\/gradski.me\/en\/wp-json\/wp\/v2\/posts\/963173","targetHints":{"allow":["GET"]}}],"collection":[{"href":"https:\/\/gradski.me\/en\/wp-json\/wp\/v2\/posts"}],"about":[{"href":"https:\/\/gradski.me\/en\/wp-json\/wp\/v2\/types\/post"}],"author":[{"embeddable":true,"href":"https:\/\/gradski.me\/en\/wp-json\/wp\/v2\/users\/7"}],"replies":[{"embeddable":true,"href":"https:\/\/gradski.me\/en\/wp-json\/wp\/v2\/comments?post=963173"}],"version-history":[{"count":2,"href":"https:\/\/gradski.me\/en\/wp-json\/wp\/v2\/posts\/963173\/revisions"}],"predecessor-version":[{"id":963228,"href":"https:\/\/gradski.me\/en\/wp-json\/wp\/v2\/posts\/963173\/revisions\/963228"}],"wp:featuredmedia":[{"embeddable":true,"href":"https:\/\/gradski.me\/en\/wp-json\/wp\/v2\/media\/940494"}],"wp:attachment":[{"href":"https:\/\/gradski.me\/en\/wp-json\/wp\/v2\/media?parent=963173"}],"wp:term":[{"taxonomy":"category","embeddable":true,"href":"https:\/\/gradski.me\/en\/wp-json\/wp\/v2\/categories?post=963173"},{"taxonomy":"post_tag","embeddable":true,"href":"https:\/\/gradski.me\/en\/wp-json\/wp\/v2\/tags?post=963173"},{"taxonomy":"naslovna","embeddable":true,"href":"https:\/\/gradski.me\/en\/wp-json\/wp\/v2\/naslovna?post=963173"}],"curies":[{"name":"wp","href":"https:\/\/api.w.org\/{rel}","templated":true}]}}